{"id":17663,"date":"2018-02-23T15:58:33","date_gmt":"2018-02-23T18:58:33","guid":{"rendered":"http:\/\/www.maisbn.com\/portal\/?p=17663"},"modified":"2018-02-24T12:00:42","modified_gmt":"2018-02-24T15:00:42","slug":"veracel-celulose-divulga-edital-para-contratacao-de-estagiario-de-nivel-superior-3","status":"publish","type":"post","link":"https:\/\/www.maisbn.com\/portal\/2018\/02\/veracel-celulose-divulga-edital-para-contratacao-de-estagiario-de-nivel-superior-3\/","title":{"rendered":"Veracel Celulose divulga edital para contrata\u00e7\u00e3o de estagi\u00e1rio de n\u00edvel superior"},"content":{"rendered":"<p>Para se candidatar, \u00e9 necess\u00e1rio estar cursando do 2\u00ba ao 5\u00ba per\u00edodo curso de Administra\u00e7\u00e3o e possuir Conhecimento em Pacote Office (Word, Excel, PowerPoint e Outlook.<\/p>\n<p>&nbsp;<\/p>\n<p><strong>Sobre o est\u00e1gio:<\/strong><\/p>\n<ul>\n<li>Quantidade de vagas: 1 (uma);<\/li>\n<li>Dura\u00e7\u00e3o do Est\u00e1gio: 12 meses;<\/li>\n<li>Hor\u00e1rio de est\u00e1gio: 6 horas di\u00e1rias (os candidatos dever\u00e3o ter disponibilidade para estagiar no per\u00edodo diurno, a partir das 8h)<\/li>\n<li>\u00c9 oferecido bolsa-aux\u00edlio, transporte e alimenta\u00e7\u00e3o (almo\u00e7o).<\/li>\n<\/ul>\n<p>&nbsp;<\/p>\n<p>Os interessados devem cadastrar curr\u00edculo at\u00e9 o dia <strong>05\/03\/2018,<\/strong> acessando o site <a href=\"http:\/\/www.veracel.com.br\" data-saferedirecturl=\"https:\/\/www.google.com\/url?hl=pt-BR&amp;q=http:\/\/www.veracel.com.br&amp;source=gmail&amp;ust=1519562780019000&amp;usg=AFQjCNEEQ3X4Mp5-rzfWpNek_LbL20husQ\">www.veracel.com.br<\/a>. Localize a op\u00e7\u00e3o Trabalhe Conosco \u2013&gt; Clique em Conhe\u00e7a as nossas vagas \u2013 Clique no t\u00edtulo da vaga para ter acesso \u00e0s informa\u00e7\u00f5es detalhadas e como candidatar-se \u2013 Depois, clique em Candidatura. A candidatura \u00e0 vaga s\u00f3 \u00e9 poss\u00edvel ap\u00f3s o cadastro das informa\u00e7\u00f5es no site.<\/p>\n<p>Lembramos que a Veracel \u00e9 uma empresa que se preocupa com a inclus\u00e3o. Todas as vagas tamb\u00e9m s\u00e3o destinadas a candidatos com defici\u00eancias.<\/p>\n<p>&nbsp;<\/p>\n<p>Link:<\/p>\n<p>&nbsp;<\/p>\n<p><a href=\"http:\/\/www.veracel.com.br\/blog\/noticias\/veracel-celulose-divulga-edital-para-contratacao-de-estagiario-de-nivel-superior-6\/\" data-saferedirecturl=\"https:\/\/www.google.com\/url?hl=pt-BR&amp;q=http:\/\/www.veracel.com.br\/blog\/noticias\/veracel-celulose-divulga-edital-para-contratacao-de-estagiario-de-nivel-superior-6\/&amp;source=gmail&amp;ust=1519562780019000&amp;usg=AFQjCNHMzVnBuoYVIsOvpMNJVWfxb_BTTw\">http:\/\/www.veracel.com.br\/blog\/noticias\/veracel-celulose-divulga-edital-para-contratacao-de-estagiario-de-nivel-superior-6\/<\/a><\/p>\n","protected":false},"excerpt":{"rendered":"<p>Para se candidatar, \u00e9 necess\u00e1rio estar cursando do 2\u00ba ao 5\u00ba per\u00edodo curso de Administra\u00e7\u00e3o e possuir Conhecimento em Pacote Office (Word, Excel, PowerPoint e Outlook. &nbsp; Sobre o est\u00e1gio: Quantidade de vagas: 1 (uma); Dura\u00e7\u00e3o do Est\u00e1gio: 12 meses; Hor\u00e1rio de est\u00e1gio: 6 horas di\u00e1rias (os candidatos dever\u00e3o ter disponibilidade para estagiar no per\u00edodo [&hellip;]<\/p>\n","protected":false},"author":1,"featured_media":6702,"comment_status":"open","ping_status":"open","sticky":false,"template":"","format":"standard","meta":{"footnotes":""},"categories":[9,1],"tags":[],"class_list":["post-17663","post","type-post","status-publish","format-standard","has-post-thumbnail","hentry","category-concursos-oportunidades","category-noticias"],"_links":{"self":[{"href":"https:\/\/www.maisbn.com\/portal\/wp-json\/wp\/v2\/posts\/17663","targetHints":{"allow":["GET"]}}],"collection":[{"href":"https:\/\/www.maisbn.com\/portal\/wp-json\/wp\/v2\/posts"}],"about":[{"href":"https:\/\/www.maisbn.com\/portal\/wp-json\/wp\/v2\/types\/post"}],"author":[{"embeddable":true,"href":"https:\/\/www.maisbn.com\/portal\/wp-json\/wp\/v2\/users\/1"}],"replies":[{"embeddable":true,"href":"https:\/\/www.maisbn.com\/portal\/wp-json\/wp\/v2\/comments?post=17663"}],"version-history":[{"count":1,"href":"https:\/\/www.maisbn.com\/portal\/wp-json\/wp\/v2\/posts\/17663\/revisions"}],"predecessor-version":[{"id":17664,"href":"https:\/\/www.maisbn.com\/portal\/wp-json\/wp\/v2\/posts\/17663\/revisions\/17664"}],"wp:featuredmedia":[{"embeddable":true,"href":"https:\/\/www.maisbn.com\/portal\/wp-json\/wp\/v2\/media\/6702"}],"wp:attachment":[{"href":"https:\/\/www.maisbn.com\/portal\/wp-json\/wp\/v2\/media?parent=17663"}],"wp:term":[{"taxonomy":"category","embeddable":true,"href":"https:\/\/www.maisbn.com\/portal\/wp-json\/wp\/v2\/categories?post=17663"},{"taxonomy":"post_tag","embeddable":true,"href":"https:\/\/www.maisbn.com\/portal\/wp-json\/wp\/v2\/tags?post=17663"}],"curies":[{"name":"wp","href":"https:\/\/api.w.org\/{rel}","templated":true}]}}