{"id":17661,"date":"2018-02-23T11:56:28","date_gmt":"2018-02-23T14:56:28","guid":{"rendered":"http:\/\/www.maisbn.com\/portal\/?p=17661"},"modified":"2018-02-24T11:57:21","modified_gmt":"2018-02-24T14:57:21","slug":"veracel-celulose-divulga-edital-para-contratacao-de-assistente-administrativo-2","status":"publish","type":"post","link":"https:\/\/www.maisbn.com\/portal\/2018\/02\/veracel-celulose-divulga-edital-para-contratacao-de-assistente-administrativo-2\/","title":{"rendered":"Veracel Celulose divulga edital para contrata\u00e7\u00e3o de Assistente Administrativo"},"content":{"rendered":"<p><strong>Requisitos para a vaga: <\/strong><\/p>\n<p>&nbsp;<\/p>\n<ul>\n<li>Ensino M\u00e9dio completo ou superior cursando em Administra\u00e7\u00e3o ou \u00e1reas correlatas;<\/li>\n<li>Viv\u00eancia em rotinas administrativas, elabora\u00e7\u00e3o de relat\u00f3rios, arquivamento e controle de documentos e registros, programa\u00e7\u00f5es, atendimento a clientes internos\/externos;<\/li>\n<li>S\u00f3lidos conhecimentos do Pacote Office: Word, Excel, PowerPoint e Outlook;<\/li>\n<li>Desej\u00e1vel conhecimento no Sistema SAP \u2013 M\u00f3dulo MM(pedidos e requisi\u00e7\u00f5es de compra).<\/li>\n<\/ul>\n<p><strong>\u00a0<\/strong><\/p>\n<p>Os interessados devem cadastrar curr\u00edculo at\u00e9 o dia <strong>06\/03\/2018,<\/strong> acessando o site <a href=\"http:\/\/www.veracel.com.br\" data-saferedirecturl=\"https:\/\/www.google.com\/url?hl=pt-BR&amp;q=http:\/\/www.veracel.com.br&amp;source=gmail&amp;ust=1519562778633000&amp;usg=AFQjCNEq5_G7PHdR_0iBhv6mxSn2CLe79g\">www.veracel.com.br<\/a>. Localize a op\u00e7\u00e3o Trabalhe Conosco \u2013&gt; Clique em Conhe\u00e7a as nossas vagas \u2013 Clique no t\u00edtulo da vaga para ter acesso \u00e0s informa\u00e7\u00f5es detalhadas e como candidatar-se \u2013 Depois, clique em Candidatura. A candidatura \u00e0 vaga s\u00f3 \u00e9 poss\u00edvel ap\u00f3s o cadastro das informa\u00e7\u00f5es no site.<\/p>\n<p>Lembramos que a Veracel \u00e9 uma empresa que se preocupa com a inclus\u00e3o. Todas as vagas tamb\u00e9m s\u00e3o destinadas a candidatos com defici\u00eancias.<\/p>\n<p>&nbsp;<\/p>\n<p>Link:<\/p>\n<p><a href=\"http:\/\/www.veracel.com.br\/blog\/noticias\/veracel-celulose-divulga-edital-para-contratacao-de-assistente-administrativo-3\/\" data-saferedirecturl=\"https:\/\/www.google.com\/url?hl=pt-BR&amp;q=http:\/\/www.veracel.com.br\/blog\/noticias\/veracel-celulose-divulga-edital-para-contratacao-de-assistente-administrativo-3\/&amp;source=gmail&amp;ust=1519562778633000&amp;usg=AFQjCNGx6TV8FC_yVMbezCZTRdNrmHC_lA\">http:\/\/www.veracel.com.br\/blog\/noticias\/veracel-celulose-divulga-edital-para-contratacao-de-assistente-administrativo-3\/<\/a><\/p>\n<p>&nbsp;<\/p>\n","protected":false},"excerpt":{"rendered":"<p>Requisitos para a vaga: &nbsp; Ensino M\u00e9dio completo ou superior cursando em Administra\u00e7\u00e3o ou \u00e1reas correlatas; Viv\u00eancia em rotinas administrativas, elabora\u00e7\u00e3o de relat\u00f3rios, arquivamento e controle de documentos e registros, programa\u00e7\u00f5es, atendimento a clientes internos\/externos; S\u00f3lidos conhecimentos do Pacote Office: Word, Excel, PowerPoint e Outlook; Desej\u00e1vel conhecimento no Sistema SAP \u2013 M\u00f3dulo MM(pedidos e requisi\u00e7\u00f5es [&hellip;]<\/p>\n","protected":false},"author":1,"featured_media":7685,"comment_status":"open","ping_status":"open","sticky":false,"template":"","format":"standard","meta":{"footnotes":""},"categories":[9,1],"tags":[],"class_list":["post-17661","post","type-post","status-publish","format-standard","has-post-thumbnail","hentry","category-concursos-oportunidades","category-noticias"],"_links":{"self":[{"href":"https:\/\/www.maisbn.com\/portal\/wp-json\/wp\/v2\/posts\/17661","targetHints":{"allow":["GET"]}}],"collection":[{"href":"https:\/\/www.maisbn.com\/portal\/wp-json\/wp\/v2\/posts"}],"about":[{"href":"https:\/\/www.maisbn.com\/portal\/wp-json\/wp\/v2\/types\/post"}],"author":[{"embeddable":true,"href":"https:\/\/www.maisbn.com\/portal\/wp-json\/wp\/v2\/users\/1"}],"replies":[{"embeddable":true,"href":"https:\/\/www.maisbn.com\/portal\/wp-json\/wp\/v2\/comments?post=17661"}],"version-history":[{"count":1,"href":"https:\/\/www.maisbn.com\/portal\/wp-json\/wp\/v2\/posts\/17661\/revisions"}],"predecessor-version":[{"id":17662,"href":"https:\/\/www.maisbn.com\/portal\/wp-json\/wp\/v2\/posts\/17661\/revisions\/17662"}],"wp:featuredmedia":[{"embeddable":true,"href":"https:\/\/www.maisbn.com\/portal\/wp-json\/wp\/v2\/media\/7685"}],"wp:attachment":[{"href":"https:\/\/www.maisbn.com\/portal\/wp-json\/wp\/v2\/media?parent=17661"}],"wp:term":[{"taxonomy":"category","embeddable":true,"href":"https:\/\/www.maisbn.com\/portal\/wp-json\/wp\/v2\/categories?post=17661"},{"taxonomy":"post_tag","embeddable":true,"href":"https:\/\/www.maisbn.com\/portal\/wp-json\/wp\/v2\/tags?post=17661"}],"curies":[{"name":"wp","href":"https:\/\/api.w.org\/{rel}","templated":true}]}}