{"id":17616,"date":"2018-02-21T16:40:08","date_gmt":"2018-02-21T19:40:08","guid":{"rendered":"http:\/\/www.maisbn.com\/portal\/?p=17616"},"modified":"2018-02-21T16:40:08","modified_gmt":"2018-02-21T19:40:08","slug":"professores-e-prefeito-janival-borges-se-reunem-para-discutir-crise-educacional-em-belmonte","status":"publish","type":"post","link":"https:\/\/www.maisbn.com\/portal\/2018\/02\/professores-e-prefeito-janival-borges-se-reunem-para-discutir-crise-educacional-em-belmonte\/","title":{"rendered":"Professores e Prefeito Janival Borges se re\u00fanem para discutir crise educacional em Belmonte."},"content":{"rendered":"<p>Aconteceu na manh\u00e3 dessa quarta-feira (21\/02), na Sede Social da Col\u00f4nia de Pescadores Z-21, uma reuni\u00e3o entre os professores, representantes da APLB e Prefeito Janival Borges, que compareceu acompanhado de sua comiss\u00e3o de finan\u00e7as e secretariado. A reuni\u00e3o, que foi pedida pelo gestor, teve como objetivo discutir os problemas da educa\u00e7\u00e3o e mostrar aos profissionais as dificuldades financeiras enfrentadas pelo munic\u00edpio para arcar com os direitos garantidos por lei \u00e0 categoria.<\/p>\n<p><a href=\"http:\/\/www.maisbn.com\/portal\/wp-content\/uploads\/2018\/02\/WhatsApp-Image-2018-02-21-at-13.05.25.jpeg\"><img loading=\"lazy\" decoding=\"async\" class=\"aligncenter  wp-image-17617\" src=\"http:\/\/www.maisbn.com\/portal\/wp-content\/uploads\/2018\/02\/WhatsApp-Image-2018-02-21-at-13.05.25.jpeg\" alt=\"WhatsApp Image 2018-02-21 at 13.05.25\" width=\"601\" height=\"381\" \/><\/a><\/p>\n<p>O Coordenador da APLB-Belmonte, o Professor Igor Suzart, iniciou a reuni\u00e3o pedindo para que os professores ouvissem o que iria ser passado pelo executivo para depois se efetivar as discuss\u00f5es. Logo ap\u00f3s, quem tomou a palavra foram os respons\u00e1veis pela auditoria realizada na Secretaria Municipal de Educa\u00e7\u00e3o a pedido do Prefeito Janival Borges, a Professora Adail Rocha de Britto e Anselmo Barcelona Lima. Os auditores apresentaram por meio de gr\u00e1ficos e dados a real situa\u00e7\u00e3o das finan\u00e7as educacionais de Belmonte onde a queda de receitas foi o fator principal para as dificuldades vividas pela gest\u00e3o atual. Segundo os estudos apresentados, decis\u00f5es equivocadas das gest\u00f5es anteriores tamb\u00e9m contribu\u00edram para o agravamento da situa\u00e7\u00e3o e deixou claro que precisa-se de uma forma de colabora\u00e7\u00e3o entre a Prefeitura e a categoria dos Professores para se chegar \u00e0 uma solu\u00e7\u00e3o efetiva do problema.<\/p>\n<p><a href=\"http:\/\/www.maisbn.com\/portal\/wp-content\/uploads\/2018\/02\/mosaico_reuniaoprofessores.jpg\"><img loading=\"lazy\" decoding=\"async\" class=\"aligncenter  wp-image-17618\" src=\"http:\/\/www.maisbn.com\/portal\/wp-content\/uploads\/2018\/02\/mosaico_reuniaoprofessores.jpg\" alt=\"mosaico_reuniaoprofessores\" width=\"600\" height=\"386\" \/><\/a><\/p>\n<p>Depois dos estudos apresentados foram abertas as discuss\u00f5es sobre o tema onde o Prefeito Janival Borges declarou que reconhecia os direitos da categoria e que as condi\u00e7\u00f5es do munic\u00edpio n\u00e3o estava dando possibilidade de honra-los. O gestor belmontense ainda colocou \u00e0 disposi\u00e7\u00e3o de todos os n\u00fameros apresentados para posterior estudo. Nesse momento ent\u00e3o foi proposta a cria\u00e7\u00e3o de uma comiss\u00e3o formada por representantes dos professores para estudar a situa\u00e7\u00e3o financeira da educa\u00e7\u00e3o de Belmonte. <strong><em>&#8220;O que eu quero \u00e9 trazer os professores para resolvermos o problema juntos. As contas ser\u00e3o totalmente abertas e quero decidir juntos com eles as diretrizes a serem tomadas para a resolu\u00e7\u00e3o da situa\u00e7\u00e3o.&#8221;<\/em><\/strong> &#8211; Comentou o Prefeito Janival Borges.<\/p>\n<p><a href=\"http:\/\/www.maisbn.com\/portal\/wp-content\/uploads\/2018\/02\/WhatsApp-Image-2018-02-21-at-13.05.40.jpeg\"><img loading=\"lazy\" decoding=\"async\" class=\"aligncenter  wp-image-17619\" src=\"http:\/\/www.maisbn.com\/portal\/wp-content\/uploads\/2018\/02\/WhatsApp-Image-2018-02-21-at-13.05.40.jpeg\" alt=\"WhatsApp Image 2018-02-21 at 13.05.40\" width=\"600\" height=\"380\" \/><\/a><\/p>\n<p>Os professores deixaram claro que continuar\u00e3o na luta pelos seus direitos e a reuni\u00e3o foi finalizada com a marca\u00e7\u00e3o de\u00a0 outra assembleia para se discutir o assunto na pr\u00f3xima segunda-feira (26\/02).\u00a0Infelizmente, at\u00e9 se resolver o impasse, a Jornada Pedag\u00f3gica e o recome\u00e7o das aulas na rede municipal de ensino est\u00e3o sem data para acontecer.<\/p>\n<p>&nbsp;<\/p>\n<p>&nbsp;<\/p>\n<p>&nbsp;<\/p>\n<p>&nbsp;<\/p>\n","protected":false},"excerpt":{"rendered":"<p>Aconteceu na manh\u00e3 dessa quarta-feira (21\/02), na Sede Social da Col\u00f4nia de Pescadores Z-21, uma reuni\u00e3o entre os professores, representantes da APLB e Prefeito Janival Borges, que compareceu acompanhado de sua comiss\u00e3o de finan\u00e7as e secretariado. A reuni\u00e3o, que foi pedida pelo gestor, teve como objetivo discutir os problemas da educa\u00e7\u00e3o e mostrar aos profissionais [&hellip;]<\/p>\n","protected":false},"author":7,"featured_media":17620,"comment_status":"open","ping_status":"open","sticky":false,"template":"","format":"standard","meta":{"footnotes":""},"categories":[8,1],"tags":[108],"class_list":["post-17616","post","type-post","status-publish","format-standard","has-post-thumbnail","hentry","category-educacao","category-noticias","tag-belmonte"],"_links":{"self":[{"href":"https:\/\/www.maisbn.com\/portal\/wp-json\/wp\/v2\/posts\/17616","targetHints":{"allow":["GET"]}}],"collection":[{"href":"https:\/\/www.maisbn.com\/portal\/wp-json\/wp\/v2\/posts"}],"about":[{"href":"https:\/\/www.maisbn.com\/portal\/wp-json\/wp\/v2\/types\/post"}],"author":[{"embeddable":true,"href":"https:\/\/www.maisbn.com\/portal\/wp-json\/wp\/v2\/users\/7"}],"replies":[{"embeddable":true,"href":"https:\/\/www.maisbn.com\/portal\/wp-json\/wp\/v2\/comments?post=17616"}],"version-history":[{"count":1,"href":"https:\/\/www.maisbn.com\/portal\/wp-json\/wp\/v2\/posts\/17616\/revisions"}],"predecessor-version":[{"id":17621,"href":"https:\/\/www.maisbn.com\/portal\/wp-json\/wp\/v2\/posts\/17616\/revisions\/17621"}],"wp:featuredmedia":[{"embeddable":true,"href":"https:\/\/www.maisbn.com\/portal\/wp-json\/wp\/v2\/media\/17620"}],"wp:attachment":[{"href":"https:\/\/www.maisbn.com\/portal\/wp-json\/wp\/v2\/media?parent=17616"}],"wp:term":[{"taxonomy":"category","embeddable":true,"href":"https:\/\/www.maisbn.com\/portal\/wp-json\/wp\/v2\/categories?post=17616"},{"taxonomy":"post_tag","embeddable":true,"href":"https:\/\/www.maisbn.com\/portal\/wp-json\/wp\/v2\/tags?post=17616"}],"curies":[{"name":"wp","href":"https:\/\/api.w.org\/{rel}","templated":true}]}}