{"id":17606,"date":"2018-02-19T18:28:36","date_gmt":"2018-02-19T21:28:36","guid":{"rendered":"http:\/\/www.maisbn.com\/portal\/?p=17606"},"modified":"2018-02-19T18:28:36","modified_gmt":"2018-02-19T21:28:36","slug":"prefeito-discorda-das-acusacoes-de-que-pagou-errado-o-terco-de-ferias-dos-professores","status":"publish","type":"post","link":"https:\/\/www.maisbn.com\/portal\/2018\/02\/prefeito-discorda-das-acusacoes-de-que-pagou-errado-o-terco-de-ferias-dos-professores\/","title":{"rendered":"Prefeito discorda das acusa\u00e7\u00f5es de que pagou errado o ter\u00e7o de f\u00e9rias dos professores."},"content":{"rendered":"<p><a href=\"http:\/\/www.maisbn.com\/portal\/wp-content\/uploads\/2015\/07\/prefeitura_de_belmonteatual.jpg\"><img loading=\"lazy\" decoding=\"async\" class=\"aligncenter size-full wp-image-8118\" src=\"http:\/\/www.maisbn.com\/portal\/wp-content\/uploads\/2015\/07\/prefeitura_de_belmonteatual.jpg\" alt=\"prefeitura_de_belmonteatual\" width=\"552\" height=\"310\" \/><\/a><\/p>\n<p>O Prefeito Janival Borges e representantes da APLB-Belmonte se reuniram nessa segunda-feira (19\/02) para discutirem a situa\u00e7\u00e3o dos pagamentos devidos aos professores da rede municipal de ensino. A categoria exige o pagamento dos retroativos referentes ao reajuste de 2017 e acusa o gestor belmontense de ter pago de forma errada o ter\u00e7o de f\u00e9rias dos profissionais creditados na \u00faltima sexta-feira (16\/02).<\/p>\n<p>Durante a reuni\u00e3o o Prefeito Janival Borges e sua equipe econ\u00f4mica discordaram das acusa\u00e7\u00f5es com rela\u00e7\u00e3o ao ter\u00e7o de f\u00e9rias pago e demonstraram que a forma de calculo empregada \u00e9 usada para efetuar o pagamento dos profissionais h\u00e1 mais de 10 anos. <em><strong>&#8220;Tem mais de 10 anos que \u00e9 usada essa forma de c\u00e1lculo. Porque os professores que est\u00e3o indo para as redes sociais reclamar n\u00e3o viram isso no passado? Eu quero sentar, conversar e ver a melhor forma de resolver a situa\u00e7\u00e3o, mas vejo que algumas pessoas est\u00e3o usando quest\u00e3o de forma pol\u00edtica no intuito de tumultuar o andamento do processo de negocia\u00e7\u00e3o.&#8221;<\/strong><\/em> &#8211; Comentou o gestor.<\/p>\n<p>Ainda na reuni\u00e3o, os representantes da APLB-Belmonte enfatizaram a decis\u00e3o da categoria de s\u00f3 reiniciar as aulas depois que a Prefeitura pagar todos os direitos devidos aos profissionais. O Prefeito Janival ent\u00e3o pediu uma reuni\u00e3o com os professores que ser\u00e1 realizada na pr\u00f3xima quarta-feira (21\/02) para discutir o assunto e tentar chegar a um acordo.<\/p>\n<p>Ao final das discuss\u00f5es o gestor belmontense informou que estar\u00e1 mandando para a C\u00e2mara de Vereadores o Projeto de Lei que consta o reajuste de 6,81% referente ao piso salarial da categoria para esse ano. <strong><em>&#8220;Eu estou mandando o Projeto de Lei para ser votado e estou disposto a resolver as pend\u00eancias que ainda existem. O meu objetivo \u00e9 sentar com os professores para que possamos chegar juntos a uma maneira de garantir os direitos deles dentro de um limite suportado pela realidade econ\u00f4mica atual do munic\u00edpio.&#8221;<\/em><\/strong> &#8211; Finalizou o gestor.<\/p>\n","protected":false},"excerpt":{"rendered":"<p>O Prefeito Janival Borges e representantes da APLB-Belmonte se reuniram nessa segunda-feira (19\/02) para discutirem a situa\u00e7\u00e3o dos pagamentos devidos aos professores da rede municipal de ensino. A categoria exige o pagamento dos retroativos referentes ao reajuste de 2017 e acusa o gestor belmontense de ter pago de forma errada o ter\u00e7o de f\u00e9rias dos [&hellip;]<\/p>\n","protected":false},"author":7,"featured_media":8118,"comment_status":"open","ping_status":"open","sticky":false,"template":"","format":"standard","meta":{"footnotes":""},"categories":[8,1],"tags":[108],"class_list":["post-17606","post","type-post","status-publish","format-standard","has-post-thumbnail","hentry","category-educacao","category-noticias","tag-belmonte"],"_links":{"self":[{"href":"https:\/\/www.maisbn.com\/portal\/wp-json\/wp\/v2\/posts\/17606","targetHints":{"allow":["GET"]}}],"collection":[{"href":"https:\/\/www.maisbn.com\/portal\/wp-json\/wp\/v2\/posts"}],"about":[{"href":"https:\/\/www.maisbn.com\/portal\/wp-json\/wp\/v2\/types\/post"}],"author":[{"embeddable":true,"href":"https:\/\/www.maisbn.com\/portal\/wp-json\/wp\/v2\/users\/7"}],"replies":[{"embeddable":true,"href":"https:\/\/www.maisbn.com\/portal\/wp-json\/wp\/v2\/comments?post=17606"}],"version-history":[{"count":2,"href":"https:\/\/www.maisbn.com\/portal\/wp-json\/wp\/v2\/posts\/17606\/revisions"}],"predecessor-version":[{"id":17608,"href":"https:\/\/www.maisbn.com\/portal\/wp-json\/wp\/v2\/posts\/17606\/revisions\/17608"}],"wp:featuredmedia":[{"embeddable":true,"href":"https:\/\/www.maisbn.com\/portal\/wp-json\/wp\/v2\/media\/8118"}],"wp:attachment":[{"href":"https:\/\/www.maisbn.com\/portal\/wp-json\/wp\/v2\/media?parent=17606"}],"wp:term":[{"taxonomy":"category","embeddable":true,"href":"https:\/\/www.maisbn.com\/portal\/wp-json\/wp\/v2\/categories?post=17606"},{"taxonomy":"post_tag","embeddable":true,"href":"https:\/\/www.maisbn.com\/portal\/wp-json\/wp\/v2\/tags?post=17606"}],"curies":[{"name":"wp","href":"https:\/\/api.w.org\/{rel}","templated":true}]}}