{"id":17584,"date":"2018-02-17T15:27:29","date_gmt":"2018-02-17T18:27:29","guid":{"rendered":"http:\/\/www.maisbn.com\/portal\/?p=17584"},"modified":"2018-02-17T15:27:29","modified_gmt":"2018-02-17T18:27:29","slug":"prefeitura-de-belmonte-efetua-pagamento-do-terco-de-ferias-aos-professores","status":"publish","type":"post","link":"https:\/\/www.maisbn.com\/portal\/2018\/02\/prefeitura-de-belmonte-efetua-pagamento-do-terco-de-ferias-aos-professores\/","title":{"rendered":"Prefeitura de Belmonte efetua pagamento do ter\u00e7o de f\u00e9rias aos professores."},"content":{"rendered":"<p><a href=\"http:\/\/www.maisbn.com\/portal\/wp-content\/uploads\/2014\/11\/pagamentos.jpg\"><img loading=\"lazy\" decoding=\"async\" class=\"aligncenter  wp-image-6352\" src=\"http:\/\/www.maisbn.com\/portal\/wp-content\/uploads\/2014\/11\/pagamentos-625x350.jpg\" alt=\"pagamentos\" width=\"593\" height=\"332\" srcset=\"https:\/\/www.maisbn.com\/portal\/wp-content\/uploads\/2014\/11\/pagamentos-625x350.jpg 625w, https:\/\/www.maisbn.com\/portal\/wp-content\/uploads\/2014\/11\/pagamentos.jpg 640w\" sizes=\"auto, (max-width: 593px) 100vw, 593px\" \/><\/a><\/p>\n<p>A Prefeitura Municipal de Belmonte informou que na tarde dessa ter\u00e7a-feira (16\/02) efetuou o pagamento do ter\u00e7o de f\u00e9rias dos professores que estava atrasado desde o m\u00eas de janeiro. O Prefeito Janival Borges informou \u00e0 nossa equipe por telefone que a quita\u00e7\u00e3o da d\u00edvida com a categoria foi poss\u00edvel gra\u00e7as a os recursos do FUNDEB que come\u00e7aram a chegar \u00e0s contas do munic\u00edpio. O gestor ainda colocou que espera uma pr\u00f3xima remessa de verbas do fundo para quitar a d\u00edvida dos retroativos que ficaram pendentes desde o ano passado. <strong><em>&#8220;Estou com a minha equipe econ\u00f4mica empenhada para resolver essa situa\u00e7\u00e3o. Estamos esperando acontecer os repasses para que possamos efetuar os pagamentos devidos aos professores&#8221;<\/em> <\/strong>&#8211; Comentou o gestor belmontense.<\/p>\n<p>Uma reuni\u00e3o entre o Prefeito Janival Borges e representantes da APLB-Belmonte est\u00e1 marcada para a pr\u00f3xima segunda-feira (19\/02) com o objetivo de se discutir a decis\u00e3o tomada pelos profissionais em assembleia de voltarem \u00e0s salas de aula s\u00f3 depois que a Prefeitura quitar todas as d\u00edvidas com a categoria. Igor Suzart, representante da APLB, informou que abordar\u00e1\u00a0 com o prefeito a situa\u00e7\u00e3o do reajuste para esse ano. <strong><em>&#8220;O reajuste que foi dado para esse ano \u00e9 menor que o ano passado, fato que diminui o impacto da folha e facilita o pagamento. As negocia\u00e7\u00f5es continuam e, se tudo andar bem, estaremos iniciando o ano letivo em breve.&#8221;<\/em><\/strong> &#8211; Finalizou Igor.<\/p>\n","protected":false},"excerpt":{"rendered":"<p>A Prefeitura Municipal de Belmonte informou que na tarde dessa ter\u00e7a-feira (16\/02) efetuou o pagamento do ter\u00e7o de f\u00e9rias dos professores que estava atrasado desde o m\u00eas de janeiro. O Prefeito Janival Borges informou \u00e0 nossa equipe por telefone que a quita\u00e7\u00e3o da d\u00edvida com a categoria foi poss\u00edvel gra\u00e7as a os recursos do FUNDEB [&hellip;]<\/p>\n","protected":false},"author":7,"featured_media":6352,"comment_status":"open","ping_status":"open","sticky":false,"template":"","format":"standard","meta":{"footnotes":""},"categories":[8,1],"tags":[435],"class_list":["post-17584","post","type-post","status-publish","format-standard","has-post-thumbnail","hentry","category-educacao","category-noticias","tag-belmonte-bahia-3"],"_links":{"self":[{"href":"https:\/\/www.maisbn.com\/portal\/wp-json\/wp\/v2\/posts\/17584","targetHints":{"allow":["GET"]}}],"collection":[{"href":"https:\/\/www.maisbn.com\/portal\/wp-json\/wp\/v2\/posts"}],"about":[{"href":"https:\/\/www.maisbn.com\/portal\/wp-json\/wp\/v2\/types\/post"}],"author":[{"embeddable":true,"href":"https:\/\/www.maisbn.com\/portal\/wp-json\/wp\/v2\/users\/7"}],"replies":[{"embeddable":true,"href":"https:\/\/www.maisbn.com\/portal\/wp-json\/wp\/v2\/comments?post=17584"}],"version-history":[{"count":1,"href":"https:\/\/www.maisbn.com\/portal\/wp-json\/wp\/v2\/posts\/17584\/revisions"}],"predecessor-version":[{"id":17585,"href":"https:\/\/www.maisbn.com\/portal\/wp-json\/wp\/v2\/posts\/17584\/revisions\/17585"}],"wp:featuredmedia":[{"embeddable":true,"href":"https:\/\/www.maisbn.com\/portal\/wp-json\/wp\/v2\/media\/6352"}],"wp:attachment":[{"href":"https:\/\/www.maisbn.com\/portal\/wp-json\/wp\/v2\/media?parent=17584"}],"wp:term":[{"taxonomy":"category","embeddable":true,"href":"https:\/\/www.maisbn.com\/portal\/wp-json\/wp\/v2\/categories?post=17584"},{"taxonomy":"post_tag","embeddable":true,"href":"https:\/\/www.maisbn.com\/portal\/wp-json\/wp\/v2\/tags?post=17584"}],"curies":[{"name":"wp","href":"https:\/\/api.w.org\/{rel}","templated":true}]}}