{"id":1741,"date":"2012-11-24T09:16:01","date_gmt":"2012-11-24T11:16:01","guid":{"rendered":"http:\/\/www.maisbn.com\/portal\/?p=1741"},"modified":"2012-11-24T09:16:01","modified_gmt":"2012-11-24T11:16:01","slug":"prefeito-de-cabralia-e-comandante-da-policia-militar-se-reunem-com-liderancas-para-tratar-da-seguranca-em-ponto-central","status":"publish","type":"post","link":"https:\/\/www.maisbn.com\/portal\/2012\/11\/prefeito-de-cabralia-e-comandante-da-policia-militar-se-reunem-com-liderancas-para-tratar-da-seguranca-em-ponto-central\/","title":{"rendered":"Prefeito de Cabr\u00e1lia e comandante da Pol\u00edcia Militar se re\u00fanem com lideran\u00e7as para tratar da seguran\u00e7a em Ponto Central"},"content":{"rendered":"<p><a href=\"http:\/\/www.maisbn.com\/portal\/wp-content\/uploads\/2012\/11\/jooooo-300x200.jpg\"><img loading=\"lazy\" decoding=\"async\" class=\"alignleft size-full wp-image-1742\" title=\"jooooo-300x200\" src=\"http:\/\/www.maisbn.com\/portal\/wp-content\/uploads\/2012\/11\/jooooo-300x200.jpg\" alt=\"\" width=\"300\" height=\"200\" \/><\/a>Representantes do distrito de Ponto Central se reuniram nesta quinta-feira (22) com o prefeito Jorge Pontes e o comandante da Pol\u00edcia Militar, Capit\u00e3o Galv\u00e3o, para discutir sobre o policiamento na localidade.<br \/>\nAs lideran\u00e7as pol\u00edticas e comunit\u00e1rias presentes apontaram as principais demandas de seguran\u00e7a no local, reivindicando solu\u00e7\u00f5es para que a quest\u00e3o seja resolvida de forma definitiva, uma vez que embora a prefeitura j\u00e1 tenha disponibilizado as instala\u00e7\u00f5es para o posto policial, o mesmo encontra-se desativado por falta de efetivo.<br \/>\nO prefeito Jorge Pontes enfatizou que o problema da seguran\u00e7a est\u00e1 al\u00e9m da capacidade da prefeitura resolver sozinha, pois a contrata\u00e7\u00e3o de policiais \u00e9 de compet\u00eancia do Governo do Estado. \u201c<em>Ainda assim, o governo municipal tem sido parceiro, nossa gest\u00e3o n\u00e3o tem medido esfor\u00e7os para que a seguran\u00e7a chegue \u00e0 popula\u00e7\u00e3o cabraliense. Destinamos uma nova sede para a Pol\u00edcia Militar, realizamos parcerias para adquirir ve\u00edculos novos e fornecemos combust\u00edvel para as viaturas. Em Ponto Central, por exemplo, temos o posto mobiliado para a instala\u00e7\u00e3o dos policiais. E podemos avan\u00e7ar ainda mais\u201d<\/em>, destacou o prefeito, colocando-se \u00e0 disposi\u00e7\u00e3o para uma solu\u00e7\u00e3o conjunta.<a href=\"http:\/\/www.maisbn.com\/portal\/wp-content\/uploads\/2012\/11\/Cabralia01.jpg\"><img loading=\"lazy\" decoding=\"async\" class=\" wp-image-1743 alignright\" title=\"Cabralia01\" src=\"http:\/\/www.maisbn.com\/portal\/wp-content\/uploads\/2012\/11\/Cabralia01.jpg\" alt=\"\" width=\"360\" height=\"263\" srcset=\"https:\/\/www.maisbn.com\/portal\/wp-content\/uploads\/2012\/11\/Cabralia01.jpg 600w, https:\/\/www.maisbn.com\/portal\/wp-content\/uploads\/2012\/11\/Cabralia01-478x350.jpg 478w, https:\/\/www.maisbn.com\/portal\/wp-content\/uploads\/2012\/11\/Cabralia01-500x365.jpg 500w\" sizes=\"auto, (max-width: 360px) 100vw, 360px\" \/><\/a><\/p>\n<p>&nbsp;<\/p>\n<p>Sobre a falta de efetivo, o Capit\u00e3o Galv\u00e3o declarou que Santa Cruz Cabr\u00e1lia conta atualmente com vinte e um policiais, o que estaria abaixo do ideal para assistir toda a popula\u00e7\u00e3o do munic\u00edpio.\u00a0<em>\u201cInfelizmente, a quest\u00e3o do efetivo n\u00e3o \u00e9 um problema restrito \u00e0 Santa Cruz Cabr\u00e1lia e \u00e0 regi\u00e3o do Oitavo Batalh\u00e3o. \u00c9 em toda a Bahia.\u201d<\/em>\u00a0Apesar das limita\u00e7\u00f5es, o comandante sinalizou haver possibilidade de deslocar dois homens para Ponto Central, desde que lhes sejam dadas condi\u00e7\u00f5es para permanecerem e aturarem no local.<\/p>\n<p>&nbsp;<\/p>\n<p>As lideran\u00e7as de Ponto Central fizeram suas coloca\u00e7\u00f5es e ficaram de contactar representantes da Veracel Celulose e da Usina Santa Cruz, a fim de que estas empresas tamb\u00e9m fa\u00e7am parte da parceria. A pr\u00f3xima reuni\u00e3o acontecer\u00e1 na ter\u00e7a-feira, dia 27, para a elabora\u00e7\u00e3o do pacto pela seguran\u00e7a de Ponto Central.<\/p>\n<address>\u00a0<\/address>\n<address>Por Marcele Pontes e\/ou Bruna Eug\u00eaniaFotos Toni Ormundo<\/address>\n","protected":false},"excerpt":{"rendered":"<p>Representantes do distrito de Ponto Central se reuniram nesta quinta-feira (22) com o prefeito Jorge Pontes e o comandante da Pol\u00edcia Militar, Capit\u00e3o Galv\u00e3o, para discutir sobre o policiamento na localidade. As lideran\u00e7as pol\u00edticas e comunit\u00e1rias presentes apontaram as principais demandas de seguran\u00e7a no local, reivindicando solu\u00e7\u00f5es para que a quest\u00e3o seja resolvida de forma [&hellip;]<\/p>\n","protected":false},"author":1,"featured_media":0,"comment_status":"closed","ping_status":"open","sticky":false,"template":"","format":"standard","meta":{"footnotes":""},"categories":[1,16],"tags":[282,281],"class_list":["post-1741","post","type-post","status-publish","format-standard","hentry","category-noticias","category-policial","tag-policia-militar","tag-seguranca"],"_links":{"self":[{"href":"https:\/\/www.maisbn.com\/portal\/wp-json\/wp\/v2\/posts\/1741","targetHints":{"allow":["GET"]}}],"collection":[{"href":"https:\/\/www.maisbn.com\/portal\/wp-json\/wp\/v2\/posts"}],"about":[{"href":"https:\/\/www.maisbn.com\/portal\/wp-json\/wp\/v2\/types\/post"}],"author":[{"embeddable":true,"href":"https:\/\/www.maisbn.com\/portal\/wp-json\/wp\/v2\/users\/1"}],"replies":[{"embeddable":true,"href":"https:\/\/www.maisbn.com\/portal\/wp-json\/wp\/v2\/comments?post=1741"}],"version-history":[{"count":0,"href":"https:\/\/www.maisbn.com\/portal\/wp-json\/wp\/v2\/posts\/1741\/revisions"}],"wp:attachment":[{"href":"https:\/\/www.maisbn.com\/portal\/wp-json\/wp\/v2\/media?parent=1741"}],"wp:term":[{"taxonomy":"category","embeddable":true,"href":"https:\/\/www.maisbn.com\/portal\/wp-json\/wp\/v2\/categories?post=1741"},{"taxonomy":"post_tag","embeddable":true,"href":"https:\/\/www.maisbn.com\/portal\/wp-json\/wp\/v2\/tags?post=1741"}],"curies":[{"name":"wp","href":"https:\/\/api.w.org\/{rel}","templated":true}]}}