{"id":17387,"date":"2018-02-02T16:09:29","date_gmt":"2018-02-02T19:09:29","guid":{"rendered":"http:\/\/www.maisbn.com\/portal\/?p=17387"},"modified":"2018-02-03T17:11:14","modified_gmt":"2018-02-03T20:11:14","slug":"prefeito-e-manifestantes-nao-entram-em-acordo-e-ba-275-em-barrolandia-segue-bloqueada","status":"publish","type":"post","link":"https:\/\/www.maisbn.com\/portal\/2018\/02\/prefeito-e-manifestantes-nao-entram-em-acordo-e-ba-275-em-barrolandia-segue-bloqueada\/","title":{"rendered":"Prefeito e manifestantes entram em acordo e BA-275 em Barrol\u00e2ndia \u00e9 desbloqueada."},"content":{"rendered":"<p>Foi finalizada no come\u00e7o da tarde dessa sexta-feira (02\/02) a reuni\u00e3o de negocia\u00e7\u00e3o entre representantes dos manifestantes que est\u00e3o fechando a BA-275 em Barrol\u00e2ndia e o Prefeito Janival Borges. O bloqueio foi iniciado por voltas das 04:00Hrs da manh\u00e3 e foi efetuado por cerca de 60 pessoas que est\u00e3o reivindicando a limpeza das ruas, reforma das escolas e aquisi\u00e7\u00e3o de terreno para a constru\u00e7\u00e3o de moradias populares.<\/p>\n<p><a href=\"http:\/\/www.maisbn.com\/portal\/wp-content\/uploads\/2018\/02\/manifestacaomoradia00003.jpg\"><img loading=\"lazy\" decoding=\"async\" class=\"aligncenter wp-image-17391 \" src=\"http:\/\/www.maisbn.com\/portal\/wp-content\/uploads\/2018\/02\/manifestacaomoradia00003.jpg\" alt=\"\" width=\"600\" height=\"385\" \/><\/a><\/p>\n<p>Durante a reuni\u00e3o o tema mais debatido foi a doa\u00e7\u00e3o de \u00e1reas para as fam\u00edlias que n\u00e3o tem moradia em Barrol\u00e2ndia. O gestor comentou com os presentes que j\u00e1 est\u00e1 sendo feito um cadastramento para se detectar as pessoas que realmente precisam das moradia. <strong><em>&#8220;Eu n\u00e3o quero fazer a coisa da forma que foi feita em outras gest\u00f5es onde n\u00e3o se teve um estudo apurado das necessidades. Como resultado disso, hoje v\u00e1rias casas do Projeto Minha Casa, Minha vida em Barrol\u00e2ndia est\u00e3o alugadas. Terrenos que foram doados hoje est\u00e3o a venda. V\u00e1rias pessoas que n\u00e3o precisavam fizeram das doa\u00e7\u00f5es um neg\u00f3cio. Eu quero ajudar realmente os necessitados e n\u00e3o oportunistas.&#8221;<\/em><\/strong> &#8211; Comentou Janival.<\/p>\n<p><a href=\"http:\/\/www.maisbn.com\/portal\/wp-content\/uploads\/2018\/02\/manifestacaomoradia00001.jpg\"><img loading=\"lazy\" decoding=\"async\" class=\"aligncenter wp-image-17389\" src=\"http:\/\/www.maisbn.com\/portal\/wp-content\/uploads\/2018\/02\/manifestacaomoradia00001.jpg\" alt=\"manifestacaomoradia00001\" width=\"600\" height=\"385\" \/><\/a><\/p>\n<p>Os manifestantes, durante a reuni\u00e3o, deram a op\u00e7\u00e3o de uma \u00e1rea que poderia ser ocupada. O Prefeito Janival Borges colocou que iria avaliar a situa\u00e7\u00e3o e que j\u00e1 existem planos de se negociar outros terrenos para o devido assentamento das fam\u00edlias. O Prefeito ainda se prop\u00f4s a marcar um novo encontro para voltar a debater o assunto e informou que o canal de negocia\u00e7\u00f5es est\u00e1 aberto. <em><strong>&#8220;As coisas n\u00e3o podem ser resolvidas de qualquer maneira. Estamos dispostos a ajudar. Quero manter o di\u00e1logo para resolver o problema dentro das condi\u00e7\u00f5es adequadas para que os que mais precisam sejam beneficiados.&#8221;<\/strong><\/em> &#8211; Finalizou Janival.<\/p>\n<p><a href=\"http:\/\/www.maisbn.com\/portal\/wp-content\/uploads\/2018\/02\/WhatsApp-Image-2018-02-02-at-7.00.04-AM.jpeg\"><img loading=\"lazy\" decoding=\"async\" class=\"aligncenter wp-image-17380\" src=\"http:\/\/www.maisbn.com\/portal\/wp-content\/uploads\/2018\/02\/WhatsApp-Image-2018-02-02-at-7.00.04-AM.jpeg\" alt=\"WhatsApp Image 2018-02-02 at 7.00.04 AM\" width=\"600\" height=\"332\" \/><\/a><\/p>\n<p>Os 04 representantes voltaram ao local do bloqueio e expuseram a situa\u00e7\u00e3o para os manifestantes. Algumas pessoas ainda queria continuar com o bloqueio, mas o consenso geral foi liberar a rodovia e esperar o andamento das negocia\u00e7\u00f5es com o Prefeito Janival Borges. Diante da situa\u00e7\u00e3o, n\u00f3s entramos em contato com o gestor belmontense, ele lamentou o acontecido e colocou que o munic\u00edpio est\u00e1 disposto a resolver os problemas apresentados, mas que n\u00e3o aceita imposi\u00e7\u00f5es.<strong><em>&#8220;O canal de negocia\u00e7\u00f5es est\u00e1 aberto. O munic\u00edpio fez o que estava ao alcance e continuamos abertos para o di\u00e1logo. Agora o desbloqueio est\u00e1 por conta da Pol\u00edcia Militar e do Estado, que s\u00e3o respons\u00e1veis pela rodovia. Eu quero resolver o problema com di\u00e1logo e n\u00e3o com imposi\u00e7\u00f5es.&#8221;<\/em><\/strong> &#8211; Finalizou o gestor.<\/p>\n","protected":false},"excerpt":{"rendered":"<p>Foi finalizada no come\u00e7o da tarde dessa sexta-feira (02\/02) a reuni\u00e3o de negocia\u00e7\u00e3o entre representantes dos manifestantes que est\u00e3o fechando a BA-275 em Barrol\u00e2ndia e o Prefeito Janival Borges. O bloqueio foi iniciado por voltas das 04:00Hrs da manh\u00e3 e foi efetuado por cerca de 60 pessoas que est\u00e3o reivindicando a limpeza das ruas, reforma [&hellip;]<\/p>\n","protected":false},"author":7,"featured_media":17391,"comment_status":"open","ping_status":"open","sticky":false,"template":"","format":"standard","meta":{"footnotes":""},"categories":[45,1],"tags":[108],"class_list":["post-17387","post","type-post","status-publish","format-standard","has-post-thumbnail","hentry","category-cidades","category-noticias","tag-belmonte"],"_links":{"self":[{"href":"https:\/\/www.maisbn.com\/portal\/wp-json\/wp\/v2\/posts\/17387","targetHints":{"allow":["GET"]}}],"collection":[{"href":"https:\/\/www.maisbn.com\/portal\/wp-json\/wp\/v2\/posts"}],"about":[{"href":"https:\/\/www.maisbn.com\/portal\/wp-json\/wp\/v2\/types\/post"}],"author":[{"embeddable":true,"href":"https:\/\/www.maisbn.com\/portal\/wp-json\/wp\/v2\/users\/7"}],"replies":[{"embeddable":true,"href":"https:\/\/www.maisbn.com\/portal\/wp-json\/wp\/v2\/comments?post=17387"}],"version-history":[{"count":5,"href":"https:\/\/www.maisbn.com\/portal\/wp-json\/wp\/v2\/posts\/17387\/revisions"}],"predecessor-version":[{"id":17395,"href":"https:\/\/www.maisbn.com\/portal\/wp-json\/wp\/v2\/posts\/17387\/revisions\/17395"}],"wp:featuredmedia":[{"embeddable":true,"href":"https:\/\/www.maisbn.com\/portal\/wp-json\/wp\/v2\/media\/17391"}],"wp:attachment":[{"href":"https:\/\/www.maisbn.com\/portal\/wp-json\/wp\/v2\/media?parent=17387"}],"wp:term":[{"taxonomy":"category","embeddable":true,"href":"https:\/\/www.maisbn.com\/portal\/wp-json\/wp\/v2\/categories?post=17387"},{"taxonomy":"post_tag","embeddable":true,"href":"https:\/\/www.maisbn.com\/portal\/wp-json\/wp\/v2\/tags?post=17387"}],"curies":[{"name":"wp","href":"https:\/\/api.w.org\/{rel}","templated":true}]}}