{"id":17379,"date":"2018-02-02T10:58:55","date_gmt":"2018-02-02T13:58:55","guid":{"rendered":"http:\/\/www.maisbn.com\/portal\/?p=17379"},"modified":"2018-02-02T10:58:55","modified_gmt":"2018-02-02T13:58:55","slug":"populacao-de-barrolandia-fecha-rodovia-ba-275-para-reivindicar-melhorias","status":"publish","type":"post","link":"https:\/\/www.maisbn.com\/portal\/2018\/02\/populacao-de-barrolandia-fecha-rodovia-ba-275-para-reivindicar-melhorias\/","title":{"rendered":"Popula\u00e7\u00e3o de Barrol\u00e2ndia fecha rodovia BA-275 para reivindicar melhorias."},"content":{"rendered":"<p><a href=\"http:\/\/www.maisbn.com\/portal\/wp-content\/uploads\/2018\/02\/WhatsApp-Image-2018-02-02-at-7.00.04-AM.jpeg\"><img loading=\"lazy\" decoding=\"async\" class=\"aligncenter  wp-image-17380\" src=\"http:\/\/www.maisbn.com\/portal\/wp-content\/uploads\/2018\/02\/WhatsApp-Image-2018-02-02-at-7.00.04-AM.jpeg\" alt=\"WhatsApp Image 2018-02-02 at 7.00.04 AM\" width=\"600\" height=\"332\" \/><\/a><\/p>\n<p>A comunidade de Barrol\u00e2ndia nessa sexta-feira (02\/02) fechou a BA- 275 em protesto. Os l\u00edderes do movimento informaram que querem uma reuni\u00e3o com o prefeito para reivindicar diversas melhorias para o distrito. A pista foi bloqueada por volta das 04:00Hrs da manh\u00e3. Diversos carros de passeio, \u00f4nibus e caminh\u00f5es de v\u00e1rias empresas, inclusive a Veracel, est\u00e3o formando uma fila imensa \u00e0 espera da libera\u00e7\u00e3o da rodovia.<\/p>\n<p>Nossa equipe entrou em contato com o Prefeito Janival Borges e por telefone ele nos informou que h\u00e1 uma reuni\u00e3o marcada para depois do carnaval com o objetivo de resolver as pend\u00eancias de Barrol\u00e2ndia. O gestor ainda informou que essa reuni\u00e3o era pra ter acontecido, mas ele teve que ir \u00e0 Salvador tratar de assuntos de interesse da cidade e no retorno teve que agilizar os preparativos do carnaval. <strong><em>&#8220;N\u00f3s j\u00e1 fizemos o cadastramento do pessoal que est\u00e3o buscando moradias e v\u00e1rias outras situa\u00e7\u00f5es apresentadas pela comunidade j\u00e1 estamos trabalhando para resolver. Todas essas informa\u00e7\u00f5es j\u00e1 foram passadas para os l\u00edderes do protesto e para os moradores. Logo ap\u00f3s o carnaval j\u00e1 estou com reuni\u00f5es marcadas em Barrol\u00e2ndia e Boca do C\u00f3rrego e eu fa\u00e7o quest\u00e3o de ir ouvir os moradores e tentar solucionar os problemas que ser\u00e3o apresentados.&#8221;<\/em><\/strong> &#8211; Finalizou Janival.<\/p>\n<p>O Prefeito Janival Borges ainda informou que j\u00e1 enviou representantes para o local onde est\u00e1 acontecendo o bloqueio para conversar com os manifestantes e negociar a libera\u00e7\u00e3o da rodovia.<\/p>\n","protected":false},"excerpt":{"rendered":"<p>A comunidade de Barrol\u00e2ndia nessa sexta-feira (02\/02) fechou a BA- 275 em protesto. Os l\u00edderes do movimento informaram que querem uma reuni\u00e3o com o prefeito para reivindicar diversas melhorias para o distrito. A pista foi bloqueada por volta das 04:00Hrs da manh\u00e3. Diversos carros de passeio, \u00f4nibus e caminh\u00f5es de v\u00e1rias empresas, inclusive a Veracel, [&hellip;]<\/p>\n","protected":false},"author":7,"featured_media":17380,"comment_status":"open","ping_status":"open","sticky":false,"template":"","format":"standard","meta":{"footnotes":""},"categories":[45,1],"tags":[435],"class_list":["post-17379","post","type-post","status-publish","format-standard","has-post-thumbnail","hentry","category-cidades","category-noticias","tag-belmonte-bahia-3"],"_links":{"self":[{"href":"https:\/\/www.maisbn.com\/portal\/wp-json\/wp\/v2\/posts\/17379","targetHints":{"allow":["GET"]}}],"collection":[{"href":"https:\/\/www.maisbn.com\/portal\/wp-json\/wp\/v2\/posts"}],"about":[{"href":"https:\/\/www.maisbn.com\/portal\/wp-json\/wp\/v2\/types\/post"}],"author":[{"embeddable":true,"href":"https:\/\/www.maisbn.com\/portal\/wp-json\/wp\/v2\/users\/7"}],"replies":[{"embeddable":true,"href":"https:\/\/www.maisbn.com\/portal\/wp-json\/wp\/v2\/comments?post=17379"}],"version-history":[{"count":1,"href":"https:\/\/www.maisbn.com\/portal\/wp-json\/wp\/v2\/posts\/17379\/revisions"}],"predecessor-version":[{"id":17381,"href":"https:\/\/www.maisbn.com\/portal\/wp-json\/wp\/v2\/posts\/17379\/revisions\/17381"}],"wp:featuredmedia":[{"embeddable":true,"href":"https:\/\/www.maisbn.com\/portal\/wp-json\/wp\/v2\/media\/17380"}],"wp:attachment":[{"href":"https:\/\/www.maisbn.com\/portal\/wp-json\/wp\/v2\/media?parent=17379"}],"wp:term":[{"taxonomy":"category","embeddable":true,"href":"https:\/\/www.maisbn.com\/portal\/wp-json\/wp\/v2\/categories?post=17379"},{"taxonomy":"post_tag","embeddable":true,"href":"https:\/\/www.maisbn.com\/portal\/wp-json\/wp\/v2\/tags?post=17379"}],"curies":[{"name":"wp","href":"https:\/\/api.w.org\/{rel}","templated":true}]}}