{"id":17167,"date":"2018-01-11T00:00:06","date_gmt":"2018-01-11T03:00:06","guid":{"rendered":"http:\/\/www.maisbn.com\/portal\/?p=17167"},"modified":"2018-01-11T00:00:06","modified_gmt":"2018-01-11T03:00:06","slug":"diretores-escolares-eleitos-pela-comunidade-belmontense-participam-de-cerimonia-de-posse","status":"publish","type":"post","link":"https:\/\/www.maisbn.com\/portal\/2018\/01\/diretores-escolares-eleitos-pela-comunidade-belmontense-participam-de-cerimonia-de-posse\/","title":{"rendered":"Diretores Escolares eleitos pela comunidade belmontense participam de cerim\u00f4nia de posse."},"content":{"rendered":"<p>Na manh\u00e3 dessa quarta-feira (10\/01) aconteceu a cerim\u00f4nia de posse dos novos diretores das unidades escolares do munic\u00edpio de Belmonte. Os gestores educacionais foram eleitos no pleito de novembro de 2017 por alunos, pais, respons\u00e1veis e professores para um mandato de dois anos.<\/p>\n<p><a href=\"http:\/\/www.maisbn.com\/portal\/wp-content\/uploads\/2018\/01\/WhatsApp-Image-2018-01-10-at-13.55.37.jpeg\"><img loading=\"lazy\" decoding=\"async\" class=\"aligncenter  wp-image-17168\" src=\"http:\/\/www.maisbn.com\/portal\/wp-content\/uploads\/2018\/01\/WhatsApp-Image-2018-01-10-at-13.55.37.jpeg\" alt=\"WhatsApp Image 2018-01-10 at 13.55.37\" width=\"600\" height=\"380\" \/><\/a><\/p>\n<p>A cerim\u00f4nia, que aconteceu no plen\u00e1rio da C\u00e2mara de Vereadores de Belmonte, contou com a presen\u00e7a de pessoas da comunidade, funcion\u00e1rios da educa\u00e7\u00e3o, professores, secret\u00e1rios municipais, vereadores e o Prefeito Janival Borges. O Diretor da APLB-Belmonte e Vereador Rog\u00e9rio Bahia abriu o evento felicitando os diretores eleitos. O edil colocou que a dire\u00e7\u00e3o escolar \u00e9 uma fun\u00e7\u00e3o de grande responsabilidade porque cuida do gerenciamento do ensino das disciplinas e est\u00e1 nas m\u00e3os dos gestores o bom funcionamento de todo o sistema de ensino municipal. <em><strong>&#8220;O Diretor n\u00e3o vai gerenciar apenas um \u00f3rg\u00e3o municipal. Ele vai gerenciar o desenvolvimento das pessoas e essa miss\u00e3o \u00e9 que ir\u00e1 definir o futuro profissional dos jovens belmontenses que est\u00e3o na sala de aula em busca de um ensino de qualidade.&#8221;<\/strong><\/em> &#8211; Comentou o Vereador Rog\u00e9rio em conversa com nossa equipe.<\/p>\n<p><a href=\"http:\/\/www.maisbn.com\/portal\/wp-content\/uploads\/2018\/01\/WhatsApp-Image-2018-01-10-at-13.56.38.jpeg\"><img loading=\"lazy\" decoding=\"async\" class=\"aligncenter  wp-image-17169\" src=\"http:\/\/www.maisbn.com\/portal\/wp-content\/uploads\/2018\/01\/WhatsApp-Image-2018-01-10-at-13.56.38.jpeg\" alt=\"WhatsApp Image 2018-01-10 at 13.56.38\" width=\"600\" height=\"380\" \/><\/a><\/p>\n<p>Quem tamb\u00e9m parabenizou os diretores foi o Sr. Paulo Carvalho, Secret\u00e1rio Municipal de Educa\u00e7\u00e3o. Paulo ressaltou em seu depoimento que estavam ali profissionais qualificados e eleitos pela sua compet\u00eancia e profissionalismo perante a comunidade. O mesmo ainda colocou que todo o pleito eleitoral aconteceu de forma democr\u00e1tica e que o processo eleitoral foi fiscalizado meticulosamente para n\u00e3o ocorrer fraudes e traduzir a vontade de todos os eleitores envolvidos. <strong><em>&#8220;Eu parabenizo a todos e sei que voc\u00eas n\u00e3o est\u00e3o aqui \u00e0 toa. O que est\u00e1 acontecendo aqui \u00e9 o reconhecimento da compet\u00eancia de cada um dos profissionais escolhidos. Voc\u00eas tem uma grande responsabilidade em suas m\u00e3os e tenham a Secretaria de Educa\u00e7\u00e3o como uma grande aliada nessa jornada para garantir o aprendizado dos nossos jovens.&#8221;<\/em><\/strong> &#8211; Finalizou Paulo.<\/p>\n<p><a href=\"http:\/\/www.maisbn.com\/portal\/wp-content\/uploads\/2018\/01\/WhatsApp-Image-2018-01-10-at-13.56.45.jpeg\"><img loading=\"lazy\" decoding=\"async\" class=\"aligncenter  wp-image-17170\" src=\"http:\/\/www.maisbn.com\/portal\/wp-content\/uploads\/2018\/01\/WhatsApp-Image-2018-01-10-at-13.56.45.jpeg\" alt=\"WhatsApp Image 2018-01-10 at 13.56.45\" width=\"600\" height=\"380\" \/><\/a><\/p>\n<p>O Prefeito Janival Borges tamb\u00e9m usou da palavra e ressaltou a import\u00e2ncia daquela momento. O gestor belmontense revelou que deseja uma rela\u00e7\u00e3o de parceria com os Diretores Eleitos e se colocou \u00e0 disposi\u00e7\u00e3o dos mesmos para ajud\u00e1-los em tudo o que for preciso. <strong><em>&#8220;Eu fico muito feliz em contar com a ajuda de profissionais qualificados e bem avaliados pela comunidade belmontense. N\u00f3s temos grandes desafios para esse 2018 e conto com voc\u00eas para conseguirmos cumprir a miss\u00e3o de levar um \u00f3timo ensino para os nossos jovens.&#8221;<\/em> <\/strong>&#8211; Finalizou Janival.<\/p>\n<p><a href=\"http:\/\/www.maisbn.com\/portal\/wp-content\/uploads\/2018\/01\/mosaico_possediretores.jpg\"><img loading=\"lazy\" decoding=\"async\" class=\"aligncenter  wp-image-17171\" src=\"http:\/\/www.maisbn.com\/portal\/wp-content\/uploads\/2018\/01\/mosaico_possediretores.jpg\" alt=\"mosaico_possediretores\" width=\"600\" height=\"386\" \/><\/a><\/p>\n<p>Logo ap\u00f3s os depoimentos aconteceu a entrega dos diplomas e ao final do evento foi oferecido um delicioso coffee break para a confraterniza\u00e7\u00e3o de todo o p\u00fablico presente.<\/p>\n<p>Segue abaixo a rela\u00e7\u00e3o de Diretores Escolares eleitos pela comunidade:<\/p>\n<p><strong>Escola Municipal Dr. Jos\u00e9 Teixeira de Freitas.<\/strong><br \/>\n<strong>Diretora:<\/strong>\u00a0K\u00e1rina Sacramento<\/p>\n<p><strong>Escola Municipal Professor Edgard Santos.<\/strong><br \/>\n<strong>Diretora:<\/strong> \u00c9rika Dantas.<br \/>\n<strong>Vice &#8211; Diretor:<\/strong> Allain Tito.<\/p>\n<p><strong>Escola Municipal Menandro Menahim<\/strong><br \/>\n<strong>Diretor:<\/strong> Luciano Santos.<br \/>\n<strong>Vice &#8211; Diretora:<\/strong> Elenilza Batista<\/p>\n<p><strong>Escola Municipal Glaucia Paternostro Suzart<\/strong><br \/>\n<strong>Diretora:<\/strong> Ellis Carmem Bahia.<\/p>\n<p><strong>Escola Municipal Professor L\u00facio Coelho<\/strong><br \/>\n<strong>Diretor:<\/strong> Leonardo Paiva<\/p>\n<p><strong>Creche Maria Nilda Garcez<\/strong><br \/>\n<strong>Diretora:<\/strong> Gl\u00e1ucia Suzart.<\/p>\n<p><strong>Escola Municipal Clemenceau Teixeira.<\/strong><br \/>\n<strong>Diretora:<\/strong> Gerusa Santos.<br \/>\n<strong>Vice &#8211; Diretor:<\/strong> Ilkerson Souza.<br \/>\n<strong>Vice &#8211; Diretora:<\/strong> Vera de C\u00e1ssia.<\/p>\n<p><strong>Escola Municipal Vit\u00f3ria Paternostro<\/strong><br \/>\n<strong>Diretor:<\/strong> Jos\u00e9 Roberto de Jesus.<br \/>\n<strong>Vice -Diretora:<\/strong> Leilane Reis.<\/p>\n<p><strong>Creche M\u00e3e Celeste.<\/strong><br \/>\n<strong>Diretora:<\/strong>\u00a0Marilza Silva<\/p>\n<p><strong>N\u00facleo Rural II.<\/strong><br \/>\n<strong>Diretora:<\/strong> Aiana Santos.<\/p>\n<p><strong>Escola Municipal Ant\u00f4nia Porto<\/strong><br \/>\n<strong>Diretor:<\/strong> Marcelo Alves<\/p>\n<p><strong>Escola Municipal Ant\u00f4nio Carlos Magalh\u00e3es.<\/strong><br \/>\n<strong>Diretor:<\/strong> Derisvan Santos.<br \/>\n<strong>Vice &#8211; Diretora:<\/strong> M\u00f4nica Lopes.<br \/>\n<strong>Vice &#8211; Diretora:<\/strong> Nelci Guerra<br \/>\n<strong>Vice &#8211; Diretor:<\/strong> Ale\u00e7andro Marinho.<\/p>\n<p><strong>Escola Municipal Lourival Jo\u00e3o Mai<\/strong><br \/>\n<strong>Diretor:<\/strong> M\u00e1rcio Lima.<br \/>\n<strong>Vice &#8211; Diretor:<\/strong> Danilo Fr\u00f3es<\/p>\n<p><strong>ESCOLAS QUE N\u00c3O HOUVERAM CANDIDATOS E, COM BASE NO ESTATUTO, TIVERAM OS SEUS DIRETORES NOMEADOS PELO PREFEITO JANIVAL BORGES.<\/strong><\/p>\n<p><strong>Escola Centro Social S\u00e3o Francisco.<\/strong><br \/>\n<strong>Diretora:<\/strong> Damiana Cristina Teles<\/p>\n<p><strong>Escola Municipal L\u00edcia Maria Paternostro.<\/strong><br \/>\n<strong>Diretor:<\/strong> Glauber Fa\u00e7anha<\/p>\n<p><strong>N\u00facleo Rural I<\/strong><br \/>\n<strong>Diretora:<\/strong> Marinei Alves<\/p>\n<p><strong>ESCOLAS QUE CONTINUAM A DIRE\u00c7\u00c3O ATUAL:<\/strong><\/p>\n<p><strong>Funda\u00e7\u00e3o Educacional Pedro Calmon.<\/strong><br \/>\n<strong>Diretora:<\/strong> Ionete Martins.<\/p>\n<p><strong>Associa\u00e7\u00e3o Lar Amor \u00e0 Crian\u00e7a.<\/strong><br \/>\n<strong>Diretora:<\/strong> Ana Cristina Andrade.<\/p>\n<p><strong>N\u00facleo Rural III<\/strong><br \/>\n<strong>Diretora:<\/strong> Edvanda<\/p>\n","protected":false},"excerpt":{"rendered":"<p>Na manh\u00e3 dessa quarta-feira (10\/01) aconteceu a cerim\u00f4nia de posse dos novos diretores das unidades escolares do munic\u00edpio de Belmonte. Os gestores educacionais foram eleitos no pleito de novembro de 2017 por alunos, pais, respons\u00e1veis e professores para um mandato de dois anos. A cerim\u00f4nia, que aconteceu no plen\u00e1rio da C\u00e2mara de Vereadores de Belmonte, [&hellip;]<\/p>\n","protected":false},"author":7,"featured_media":17168,"comment_status":"open","ping_status":"open","sticky":false,"template":"","format":"standard","meta":{"footnotes":""},"categories":[8,1],"tags":[108],"class_list":["post-17167","post","type-post","status-publish","format-standard","has-post-thumbnail","hentry","category-educacao","category-noticias","tag-belmonte"],"_links":{"self":[{"href":"https:\/\/www.maisbn.com\/portal\/wp-json\/wp\/v2\/posts\/17167","targetHints":{"allow":["GET"]}}],"collection":[{"href":"https:\/\/www.maisbn.com\/portal\/wp-json\/wp\/v2\/posts"}],"about":[{"href":"https:\/\/www.maisbn.com\/portal\/wp-json\/wp\/v2\/types\/post"}],"author":[{"embeddable":true,"href":"https:\/\/www.maisbn.com\/portal\/wp-json\/wp\/v2\/users\/7"}],"replies":[{"embeddable":true,"href":"https:\/\/www.maisbn.com\/portal\/wp-json\/wp\/v2\/comments?post=17167"}],"version-history":[{"count":1,"href":"https:\/\/www.maisbn.com\/portal\/wp-json\/wp\/v2\/posts\/17167\/revisions"}],"predecessor-version":[{"id":17172,"href":"https:\/\/www.maisbn.com\/portal\/wp-json\/wp\/v2\/posts\/17167\/revisions\/17172"}],"wp:featuredmedia":[{"embeddable":true,"href":"https:\/\/www.maisbn.com\/portal\/wp-json\/wp\/v2\/media\/17168"}],"wp:attachment":[{"href":"https:\/\/www.maisbn.com\/portal\/wp-json\/wp\/v2\/media?parent=17167"}],"wp:term":[{"taxonomy":"category","embeddable":true,"href":"https:\/\/www.maisbn.com\/portal\/wp-json\/wp\/v2\/categories?post=17167"},{"taxonomy":"post_tag","embeddable":true,"href":"https:\/\/www.maisbn.com\/portal\/wp-json\/wp\/v2\/tags?post=17167"}],"curies":[{"name":"wp","href":"https:\/\/api.w.org\/{rel}","templated":true}]}}