{"id":1714,"date":"2012-11-20T19:13:16","date_gmt":"2012-11-20T21:13:16","guid":{"rendered":"http:\/\/www.maisbn.com\/portal\/?p=1714"},"modified":"2012-11-20T19:15:52","modified_gmt":"2012-11-20T21:15:52","slug":"camara-de-vereadores-de-belmonte-empossa-dois-novos-vereadores","status":"publish","type":"post","link":"https:\/\/www.maisbn.com\/portal\/2012\/11\/camara-de-vereadores-de-belmonte-empossa-dois-novos-vereadores\/","title":{"rendered":"C\u00e2mara de vereadores de Belmonte empossa dois novos vereadores."},"content":{"rendered":"<p><a href=\"http:\/\/www.maisbn.com\/portal\/wp-content\/uploads\/2012\/11\/novos-vereadores.jpg\"><img loading=\"lazy\" decoding=\"async\" class=\"alignright  wp-image-1715\" title=\"novos vereadores\" src=\"http:\/\/www.maisbn.com\/portal\/wp-content\/uploads\/2012\/11\/novos-vereadores.jpg\" alt=\"\" width=\"336\" height=\"223\" srcset=\"https:\/\/www.maisbn.com\/portal\/wp-content\/uploads\/2012\/11\/novos-vereadores.jpg 600w, https:\/\/www.maisbn.com\/portal\/wp-content\/uploads\/2012\/11\/novos-vereadores-526x350.jpg 526w, https:\/\/www.maisbn.com\/portal\/wp-content\/uploads\/2012\/11\/novos-vereadores-500x332.jpg 500w\" sizes=\"auto, (max-width: 336px) 100vw, 336px\" \/><\/a>Na sess\u00e3o de ontem (19\/11), a C\u00e2mara de Vereadores de Belmonte que tem como presidente a Sra. Alice Maria Magnavita Elias Britto, empossou os suplentes Nelson Alves dos Santos conhecido como \u201cMineiro\u201d e Fernandes Jos\u00e9 que assumiram as vagas de Aelson Souza Matos conhecido como \u201cCalango\u201d e, o Soldado PM Nailton Souza Santana que perderam seus mandatos, segundo o TRE\/BA, por desfilia\u00e7\u00e3o sem justa causa, ou seja, infidelidade partid\u00e1ria.<\/p>\n<p>Ap\u00f3s o juramento que efetivou os suplentes Nelson e Fernandes como vereadores, foi posto em pauta pelo vereador e primeiro secret\u00e1rio Alvino Matos os trabalhos do dia que giraram em torno da vota\u00e7\u00e3o e aprova\u00e7\u00e3o da Lei 016\/2012 que regulamenta o servi\u00e7o de transporte do munic\u00edpio, da Lei n\u00ba 017\/2012 que aprova o Di\u00e1rio Oficial Eletr\u00f4nico, da Lei n\u00ba 018\/2012 de Utilidade P\u00fablicas do Projeto IDE de A\u00e7\u00e3o Social, de autoria do vereador Eronildo, recebendo todas, a aprova\u00e7\u00e3o un\u00e2nime do colegiado.<\/p>\n<p>Finalizando a presidente parabenizou os novos edis, e falou da import\u00e2ncia do cargo de vereador no munic\u00edpio, que \u00e9 pouco conhecido.<\/p>\n<p>Compartilhando com a afirma\u00e7\u00e3o, notamos que nas reuni\u00f5es ordin\u00e1rias,\u00a0o plen\u00e1rio recebe um n\u00famero muito \u00ednfimo de assistentes, o que nos chama a aten\u00e7\u00e3o no per\u00edodo eleitoral quanto \u00e0 quantidade de postulantes ao cargo, que \u00e9 03 a 04 vezes maior que a plateia. Apenas para comprovar, conversamos com um candidato eleito nas \u00faltimas elei\u00e7\u00f5es de 2012 e perguntamos\u00a0\u00a0\u00a0a quantas reuni\u00f5es ele compareceu durante o ano e ele nos respondeu: \u201d Duas ou Tr\u00eas\u201d , e outros concorrentes afirmaram nunca ter assistido uma reuni\u00e3o, com alega\u00e7\u00f5es das mais diversas para justificar a sua aus\u00eancia. Ser\u00e1 que estes pretendiam\u00a0mesmo o exerc\u00edcio pol\u00edtico ou queriam apenas obter com os votos uma fonte de renda?<\/p>\n<p>&nbsp;<\/p>\n<p>Fonte: Jornal de Belmonte<\/p>\n<p>&nbsp;<\/p>\n","protected":false},"excerpt":{"rendered":"<p>Na sess\u00e3o de ontem (19\/11), a C\u00e2mara de Vereadores de Belmonte que tem como presidente a Sra. Alice Maria Magnavita Elias Britto, empossou os suplentes Nelson Alves dos Santos conhecido como \u201cMineiro\u201d e Fernandes Jos\u00e9 que assumiram as vagas de Aelson Souza Matos conhecido como \u201cCalango\u201d e, o Soldado PM Nailton Souza Santana que perderam [&hellip;]<\/p>\n","protected":false},"author":1,"featured_media":0,"comment_status":"closed","ping_status":"open","sticky":false,"template":"","format":"standard","meta":{"footnotes":""},"categories":[1,7],"tags":[280,43],"class_list":["post-1714","post","type-post","status-publish","format-standard","hentry","category-noticias","category-politica","tag-camara-municipal","tag-politica-2"],"_links":{"self":[{"href":"https:\/\/www.maisbn.com\/portal\/wp-json\/wp\/v2\/posts\/1714","targetHints":{"allow":["GET"]}}],"collection":[{"href":"https:\/\/www.maisbn.com\/portal\/wp-json\/wp\/v2\/posts"}],"about":[{"href":"https:\/\/www.maisbn.com\/portal\/wp-json\/wp\/v2\/types\/post"}],"author":[{"embeddable":true,"href":"https:\/\/www.maisbn.com\/portal\/wp-json\/wp\/v2\/users\/1"}],"replies":[{"embeddable":true,"href":"https:\/\/www.maisbn.com\/portal\/wp-json\/wp\/v2\/comments?post=1714"}],"version-history":[{"count":0,"href":"https:\/\/www.maisbn.com\/portal\/wp-json\/wp\/v2\/posts\/1714\/revisions"}],"wp:attachment":[{"href":"https:\/\/www.maisbn.com\/portal\/wp-json\/wp\/v2\/media?parent=1714"}],"wp:term":[{"taxonomy":"category","embeddable":true,"href":"https:\/\/www.maisbn.com\/portal\/wp-json\/wp\/v2\/categories?post=1714"},{"taxonomy":"post_tag","embeddable":true,"href":"https:\/\/www.maisbn.com\/portal\/wp-json\/wp\/v2\/tags?post=1714"}],"curies":[{"name":"wp","href":"https:\/\/api.w.org\/{rel}","templated":true}]}}