{"id":17136,"date":"2018-01-04T20:33:32","date_gmt":"2018-01-04T23:33:32","guid":{"rendered":"http:\/\/www.maisbn.com\/portal\/?p=17136"},"modified":"2018-01-04T20:33:32","modified_gmt":"2018-01-04T23:33:32","slug":"veracel-celulose-divulga-edital-para-contratacao-de-estagiario-de-nivel-tecnico-seguranca-do-trabalho","status":"publish","type":"post","link":"https:\/\/www.maisbn.com\/portal\/2018\/01\/veracel-celulose-divulga-edital-para-contratacao-de-estagiario-de-nivel-tecnico-seguranca-do-trabalho\/","title":{"rendered":"Veracel Celulose divulga edital para contrata\u00e7\u00e3o de estagi\u00e1rio de n\u00edvel t\u00e9cnico \u2013 Seguran\u00e7a do Trabalho."},"content":{"rendered":"<p class=\"m_5396030362551431076m_1989666620414628589Default\"><a href=\"http:\/\/www.maisbn.com\/portal\/wp-content\/uploads\/2017\/10\/veracel_zz137900bcbc.jpg\"><img loading=\"lazy\" decoding=\"async\" class=\"aligncenter  wp-image-16414\" src=\"http:\/\/www.maisbn.com\/portal\/wp-content\/uploads\/2017\/10\/veracel_zz137900bcbc.jpg\" alt=\"veracel_zz137900bcbc\" width=\"600\" height=\"344\" \/><\/a><\/p>\n<p class=\"m_5396030362551431076m_1989666620414628589Default\">Para se candidatar, \u00e9 necess\u00e1rio estar cursando\u00a0o curso T\u00e9cnico em Seguran\u00e7a do Trabalho.<\/p>\n<p class=\"m_5396030362551431076m_1989666620414628589Default\"><u><\/u><b>Sobre o est\u00e1gio:<\/b><\/p>\n<p class=\"m_5396030362551431076m_1989666620414628589Default\"><u><\/u>Quantidade de vagas: 1 (uma)<\/p>\n<p class=\"m_5396030362551431076m_1989666620414628589Default\"><u><\/u>Dura\u00e7\u00e3o do Est\u00e1gio: 12 meses<\/p>\n<p class=\"m_5396030362551431076m_1989666620414628589Default\"><u><\/u>Hor\u00e1rio de est\u00e1gio: 6 horas di\u00e1rias (os candidatos dever\u00e3o ter disponibilidade para estagiar no per\u00edodo diurno, a partir das 8h).<\/p>\n<p class=\"m_5396030362551431076m_1989666620414628589Default\"><u><\/u>\u00c9 oferecido bolsa-aux\u00edlio, transporte e alimenta\u00e7\u00e3o (almo\u00e7o)<u><\/u><u><\/u><\/p>\n<p class=\"m_5396030362551431076m_1989666620414628589Default\"><u><\/u>\u00a0Os interessados devem cadastrar curr\u00edculo at\u00e9 o dia\u00a0<b>08\/01\/2018,<\/b>\u00a0acessando o site\u00a0<a href=\"http:\/\/www.veracel.com.br\/\" target=\"_blank\" data-saferedirecturl=\"https:\/\/www.google.com\/url?hl=pt-BR&amp;q=http:\/\/www.veracel.com.br&amp;source=gmail&amp;ust=1515194694307000&amp;usg=AFQjCNF3mGp3HgnsbOMHTpR_OfCptO29hQ\">www.veracel.com.br<\/a>. Localize a op\u00e7\u00e3o Trabalhe Conosco \u2013&gt; Clique em Conhe\u00e7a as nossas vagas \u2013 Clique no t\u00edtulo da vaga para ter acesso \u00e0s informa\u00e7\u00f5es detalhadas e como candidatar-se \u2013 Depois, clique em Candidatura. A candidatura \u00e0 vaga s\u00f3 \u00e9 poss\u00edvel ap\u00f3s o cadastro das informa\u00e7\u00f5es no site.<u><\/u><u><\/u><\/p>\n<p class=\"m_5396030362551431076m_1989666620414628589Default\">Lembramos que a Veracel \u00e9 uma empresa que se preocupa com a inclus\u00e3o. Todas as vagas tamb\u00e9m s\u00e3o destinadas a candidatos com defici\u00eancias.<\/p>\n","protected":false},"excerpt":{"rendered":"<p>Para se candidatar, \u00e9 necess\u00e1rio estar cursando\u00a0o curso T\u00e9cnico em Seguran\u00e7a do Trabalho. Sobre o est\u00e1gio: Quantidade de vagas: 1 (uma) Dura\u00e7\u00e3o do Est\u00e1gio: 12 meses Hor\u00e1rio de est\u00e1gio: 6 horas di\u00e1rias (os candidatos dever\u00e3o ter disponibilidade para estagiar no per\u00edodo diurno, a partir das 8h). \u00c9 oferecido bolsa-aux\u00edlio, transporte e alimenta\u00e7\u00e3o (almo\u00e7o) \u00a0Os interessados [&hellip;]<\/p>\n","protected":false},"author":7,"featured_media":16414,"comment_status":"open","ping_status":"open","sticky":false,"template":"","format":"standard","meta":{"footnotes":""},"categories":[9,1],"tags":[108],"class_list":["post-17136","post","type-post","status-publish","format-standard","has-post-thumbnail","hentry","category-concursos-oportunidades","category-noticias","tag-belmonte"],"_links":{"self":[{"href":"https:\/\/www.maisbn.com\/portal\/wp-json\/wp\/v2\/posts\/17136","targetHints":{"allow":["GET"]}}],"collection":[{"href":"https:\/\/www.maisbn.com\/portal\/wp-json\/wp\/v2\/posts"}],"about":[{"href":"https:\/\/www.maisbn.com\/portal\/wp-json\/wp\/v2\/types\/post"}],"author":[{"embeddable":true,"href":"https:\/\/www.maisbn.com\/portal\/wp-json\/wp\/v2\/users\/7"}],"replies":[{"embeddable":true,"href":"https:\/\/www.maisbn.com\/portal\/wp-json\/wp\/v2\/comments?post=17136"}],"version-history":[{"count":1,"href":"https:\/\/www.maisbn.com\/portal\/wp-json\/wp\/v2\/posts\/17136\/revisions"}],"predecessor-version":[{"id":17137,"href":"https:\/\/www.maisbn.com\/portal\/wp-json\/wp\/v2\/posts\/17136\/revisions\/17137"}],"wp:featuredmedia":[{"embeddable":true,"href":"https:\/\/www.maisbn.com\/portal\/wp-json\/wp\/v2\/media\/16414"}],"wp:attachment":[{"href":"https:\/\/www.maisbn.com\/portal\/wp-json\/wp\/v2\/media?parent=17136"}],"wp:term":[{"taxonomy":"category","embeddable":true,"href":"https:\/\/www.maisbn.com\/portal\/wp-json\/wp\/v2\/categories?post=17136"},{"taxonomy":"post_tag","embeddable":true,"href":"https:\/\/www.maisbn.com\/portal\/wp-json\/wp\/v2\/tags?post=17136"}],"curies":[{"name":"wp","href":"https:\/\/api.w.org\/{rel}","templated":true}]}}