{"id":17123,"date":"2018-01-04T21:20:55","date_gmt":"2018-01-05T00:20:55","guid":{"rendered":"http:\/\/www.maisbn.com\/portal\/?p=17123"},"modified":"2018-01-04T21:20:55","modified_gmt":"2018-01-05T00:20:55","slug":"prefeito-janival-se-reune-com-funcionarios-para-discutir-diretrizes-que-serao-seguidas-em-2018","status":"publish","type":"post","link":"https:\/\/www.maisbn.com\/portal\/2018\/01\/prefeito-janival-se-reune-com-funcionarios-para-discutir-diretrizes-que-serao-seguidas-em-2018\/","title":{"rendered":"Prefeito Janival se re\u00fane com funcion\u00e1rios para discutir diretrizes que ser\u00e3o seguidas em 2018."},"content":{"rendered":"<p><a href=\"http:\/\/www.maisbn.com\/portal\/wp-content\/uploads\/2018\/01\/reuniaodeajustamento00006.jpg\"><img loading=\"lazy\" decoding=\"async\" class=\"aligncenter wp-image-17132\" src=\"http:\/\/www.maisbn.com\/portal\/wp-content\/uploads\/2018\/01\/reuniaodeajustamento00006.jpg\" alt=\"reuniaodeajustamento00006\" width=\"600\" height=\"385\" \/><\/a><\/p>\n<p>O Prefeito Janival Borges fez uma reuni\u00e3o com funcion\u00e1rios da administra\u00e7\u00e3o na manh\u00e3 dessa quarta-feira (03\/01) para transmitir as diretrizes que ser\u00e3o seguidas nesse ano de 2018. O principal assunto tratado foi a quest\u00e3o da situa\u00e7\u00e3o financeira do munic\u00edpio e as medidas que ser\u00e3o implementadas para conduzir as despesas a um patamar consider\u00e1vel. Janival revelou que vai fazer de tudo para n\u00e3o precisar demitir ainda mais funcion\u00e1rios e pediu a dedica\u00e7\u00e3o de todos para vencer essa fase dif\u00edcil. O gestor colocou que a Prefeitura de Belmonte iniciou 2018 com as contas negativas e que pretende montar um plano de a\u00e7\u00e3o para conseguir trabalhar e quitar as d\u00edvidas. <em><strong>&#8220;Os recursos do or\u00e7amento s\u00e3o de 12 meses, mas o nosso ano ter\u00e1 13 meses porque um m\u00eas \u00e9 s\u00f3 de d\u00edvidas que sobraram do ano passado&#8221;<\/strong> <\/em>&#8211; Colocou Janival.<\/p>\n<p><a href=\"http:\/\/www.maisbn.com\/portal\/wp-content\/uploads\/2018\/01\/reuniaodeajustamento00004.jpg\"><img loading=\"lazy\" decoding=\"async\" class=\"aligncenter wp-image-17133\" src=\"http:\/\/www.maisbn.com\/portal\/wp-content\/uploads\/2018\/01\/reuniaodeajustamento00004.jpg\" alt=\"reuniaodeajustamento00004\" width=\"600\" height=\"385\" \/><\/a><\/p>\n<p>Janival tamb\u00e9m comentou que j\u00e1 encomendou estudos para ter uma real dimens\u00e3o das despesas com a Educa\u00e7\u00e3o Municipal. O gestor belmontense informou que existe um grande deficit or\u00e7ament\u00e1rio na pasta devido a decis\u00f5es erradas que foram tomadas nas administra\u00e7\u00f5es passadas. O mesmo colocou que a situa\u00e7\u00e3o \u00e9 cr\u00edtica e foi agravada com a queda de recursos. <strong><em>&#8220;Pra voc\u00eas terem uma ideia: A folha de funcion\u00e1rios efetivos da educa\u00e7\u00e3o de 40 Horas tinha um custo de R$ 609.000,00 em 2016. Em 2017 esse valor assustadoramente subiu para pouco mais de R$ 1 Milh\u00e3o de Reais.\u00a0 O impacto \u00e9 muito grande e aumenta ainda mais quando somamos os reajustes e outras diversas despesas que s\u00e3o direitos dos funcion\u00e1rios efetivos. Esses dados est\u00e3o abertos para os funcion\u00e1rios e para o sindicato da categoria. Temos que sentar e nos concentrar para resolver esse problema porque o munic\u00edpio n\u00e3o est\u00e1 suportando.&#8221;<\/em> <\/strong>&#8211; Informou Janival.<\/p>\n<p><a href=\"http:\/\/www.maisbn.com\/portal\/wp-content\/uploads\/2018\/01\/reuniaodeajustamento00001.jpg\"><img loading=\"lazy\" decoding=\"async\" class=\"aligncenter wp-image-17134\" src=\"http:\/\/www.maisbn.com\/portal\/wp-content\/uploads\/2018\/01\/reuniaodeajustamento00001.jpg\" alt=\"reuniaodeajustamento00001\" width=\"600\" height=\"385\" \/><\/a><\/p>\n<p>O Prefeito Janival Borges ainda informou que j\u00e1 est\u00e1 engajado no calend\u00e1rio cultural e festivo da cidade. Janival disse que est\u00e1 entrando em contato com o Deputado Estadual J\u00e2nio Natal para ajud\u00e1-lo a conseguir ajuda junto \u00e0 BAHIATURSA. O gestor tamb\u00e9m negou os boatos de que ele e J\u00e2nio estariam brigados e comentou que o Deputado t\u00eam se esfor\u00e7ado para trazer obras e recursos para Belmonte. O Prefeito finalizou a reuni\u00e3o pedindo o engajamento de toda a equipe e colocou que, apesar das dificuldades, espera melhoras para o ano de 2018.<\/p>\n","protected":false},"excerpt":{"rendered":"<p>O Prefeito Janival Borges fez uma reuni\u00e3o com funcion\u00e1rios da administra\u00e7\u00e3o na manh\u00e3 dessa quarta-feira (03\/01) para transmitir as diretrizes que ser\u00e3o seguidas nesse ano de 2018. O principal assunto tratado foi a quest\u00e3o da situa\u00e7\u00e3o financeira do munic\u00edpio e as medidas que ser\u00e3o implementadas para conduzir as despesas a um patamar consider\u00e1vel. Janival revelou [&hellip;]<\/p>\n","protected":false},"author":7,"featured_media":17134,"comment_status":"open","ping_status":"open","sticky":false,"template":"","format":"standard","meta":{"footnotes":""},"categories":[45,1],"tags":[108],"class_list":["post-17123","post","type-post","status-publish","format-standard","has-post-thumbnail","hentry","category-cidades","category-noticias","tag-belmonte"],"_links":{"self":[{"href":"https:\/\/www.maisbn.com\/portal\/wp-json\/wp\/v2\/posts\/17123","targetHints":{"allow":["GET"]}}],"collection":[{"href":"https:\/\/www.maisbn.com\/portal\/wp-json\/wp\/v2\/posts"}],"about":[{"href":"https:\/\/www.maisbn.com\/portal\/wp-json\/wp\/v2\/types\/post"}],"author":[{"embeddable":true,"href":"https:\/\/www.maisbn.com\/portal\/wp-json\/wp\/v2\/users\/7"}],"replies":[{"embeddable":true,"href":"https:\/\/www.maisbn.com\/portal\/wp-json\/wp\/v2\/comments?post=17123"}],"version-history":[{"count":6,"href":"https:\/\/www.maisbn.com\/portal\/wp-json\/wp\/v2\/posts\/17123\/revisions"}],"predecessor-version":[{"id":17139,"href":"https:\/\/www.maisbn.com\/portal\/wp-json\/wp\/v2\/posts\/17123\/revisions\/17139"}],"wp:featuredmedia":[{"embeddable":true,"href":"https:\/\/www.maisbn.com\/portal\/wp-json\/wp\/v2\/media\/17134"}],"wp:attachment":[{"href":"https:\/\/www.maisbn.com\/portal\/wp-json\/wp\/v2\/media?parent=17123"}],"wp:term":[{"taxonomy":"category","embeddable":true,"href":"https:\/\/www.maisbn.com\/portal\/wp-json\/wp\/v2\/categories?post=17123"},{"taxonomy":"post_tag","embeddable":true,"href":"https:\/\/www.maisbn.com\/portal\/wp-json\/wp\/v2\/tags?post=17123"}],"curies":[{"name":"wp","href":"https:\/\/api.w.org\/{rel}","templated":true}]}}