{"id":17104,"date":"2018-01-02T07:43:59","date_gmt":"2018-01-02T10:43:59","guid":{"rendered":"http:\/\/www.maisbn.com\/portal\/?p=17104"},"modified":"2018-01-02T07:43:59","modified_gmt":"2018-01-02T10:43:59","slug":"homem-e-morto-a-facadas-na-zona-rural-de-belmonte","status":"publish","type":"post","link":"https:\/\/www.maisbn.com\/portal\/2018\/01\/homem-e-morto-a-facadas-na-zona-rural-de-belmonte\/","title":{"rendered":"Homem \u00e9 morto a facadas na zona rural de Belmonte."},"content":{"rendered":"<p><a href=\"http:\/\/www.maisbn.com\/portal\/wp-content\/uploads\/2018\/01\/homicidio-belmonte00001.jpg\"><img loading=\"lazy\" decoding=\"async\" class=\"aligncenter  wp-image-17105\" src=\"http:\/\/www.maisbn.com\/portal\/wp-content\/uploads\/2018\/01\/homicidio-belmonte00001.jpg\" alt=\"homicidio-belmonte00001\" width=\"600\" height=\"385\" \/><\/a><\/p>\n<p>Mal come\u00e7ou 2018 e a estat\u00edstica de viol\u00eancia j\u00e1 registrou seu primeiro caso de homic\u00eddio em Belmonte. O fato aconteceu por volta das 14:00Hrs na Fazenda S\u00e3o Benedito, a 17 Km de dist\u00e2ncia do distrito de Barrol\u00e2ndia. Testemunhas contaram que um homem desconhecido invadiu a propriedade e desferiu diversos golpes de faca na cabe\u00e7a da v\u00edtima identificada pelo apelido de Galego, que tinha 54 anos. As informa\u00e7\u00f5es ainda constam que Galego era natural de S\u00e3o Paulo e estava na regi\u00e3o h\u00e1 quase 01 ano.<\/p>\n<p>A Pol\u00edcia Militar esteve no local do crime que estava todo revirado. Ainda n\u00e3o tem como saber a motiva\u00e7\u00e3o do crime e nem a identidade do agressor. O Departamento de Pol\u00edcia T\u00e9cnica j\u00e1 fez o levantamento cadav\u00e9rico e removeu o corpo para o Instituto M\u00e9dico Legal de Porto Seguro.<\/p>\n","protected":false},"excerpt":{"rendered":"<p>Mal come\u00e7ou 2018 e a estat\u00edstica de viol\u00eancia j\u00e1 registrou seu primeiro caso de homic\u00eddio em Belmonte. O fato aconteceu por volta das 14:00Hrs na Fazenda S\u00e3o Benedito, a 17 Km de dist\u00e2ncia do distrito de Barrol\u00e2ndia. Testemunhas contaram que um homem desconhecido invadiu a propriedade e desferiu diversos golpes de faca na cabe\u00e7a da [&hellip;]<\/p>\n","protected":false},"author":7,"featured_media":17105,"comment_status":"open","ping_status":"open","sticky":false,"template":"","format":"standard","meta":{"footnotes":""},"categories":[1,16],"tags":[108],"class_list":["post-17104","post","type-post","status-publish","format-standard","has-post-thumbnail","hentry","category-noticias","category-policial","tag-belmonte"],"_links":{"self":[{"href":"https:\/\/www.maisbn.com\/portal\/wp-json\/wp\/v2\/posts\/17104","targetHints":{"allow":["GET"]}}],"collection":[{"href":"https:\/\/www.maisbn.com\/portal\/wp-json\/wp\/v2\/posts"}],"about":[{"href":"https:\/\/www.maisbn.com\/portal\/wp-json\/wp\/v2\/types\/post"}],"author":[{"embeddable":true,"href":"https:\/\/www.maisbn.com\/portal\/wp-json\/wp\/v2\/users\/7"}],"replies":[{"embeddable":true,"href":"https:\/\/www.maisbn.com\/portal\/wp-json\/wp\/v2\/comments?post=17104"}],"version-history":[{"count":1,"href":"https:\/\/www.maisbn.com\/portal\/wp-json\/wp\/v2\/posts\/17104\/revisions"}],"predecessor-version":[{"id":17106,"href":"https:\/\/www.maisbn.com\/portal\/wp-json\/wp\/v2\/posts\/17104\/revisions\/17106"}],"wp:featuredmedia":[{"embeddable":true,"href":"https:\/\/www.maisbn.com\/portal\/wp-json\/wp\/v2\/media\/17105"}],"wp:attachment":[{"href":"https:\/\/www.maisbn.com\/portal\/wp-json\/wp\/v2\/media?parent=17104"}],"wp:term":[{"taxonomy":"category","embeddable":true,"href":"https:\/\/www.maisbn.com\/portal\/wp-json\/wp\/v2\/categories?post=17104"},{"taxonomy":"post_tag","embeddable":true,"href":"https:\/\/www.maisbn.com\/portal\/wp-json\/wp\/v2\/tags?post=17104"}],"curies":[{"name":"wp","href":"https:\/\/api.w.org\/{rel}","templated":true}]}}