{"id":17087,"date":"2017-12-30T17:44:49","date_gmt":"2017-12-30T20:44:49","guid":{"rendered":"http:\/\/www.maisbn.com\/portal\/?p=17087"},"modified":"2017-12-30T17:44:49","modified_gmt":"2017-12-30T20:44:49","slug":"governo-federal-cancela-apoio-financeiro-e-dificulta-a-vida-dos-prefeitos-de-todo-o-pais","status":"publish","type":"post","link":"https:\/\/www.maisbn.com\/portal\/2017\/12\/governo-federal-cancela-apoio-financeiro-e-dificulta-a-vida-dos-prefeitos-de-todo-o-pais\/","title":{"rendered":"Governo Federal cancela Apoio Financeiro e dificulta a vida dos prefeitos de todo o pa\u00eds."},"content":{"rendered":"<p><a href=\"http:\/\/www.maisbn.com\/portal\/wp-content\/uploads\/2014\/11\/pagamentos.jpg\"><img loading=\"lazy\" decoding=\"async\" class=\"aligncenter size-medium wp-image-6352\" src=\"http:\/\/www.maisbn.com\/portal\/wp-content\/uploads\/2014\/11\/pagamentos-625x350.jpg\" alt=\"pagamentos\" width=\"625\" height=\"350\" srcset=\"https:\/\/www.maisbn.com\/portal\/wp-content\/uploads\/2014\/11\/pagamentos-625x350.jpg 625w, https:\/\/www.maisbn.com\/portal\/wp-content\/uploads\/2014\/11\/pagamentos.jpg 640w\" sizes=\"auto, (max-width: 625px) 100vw, 625px\" \/><\/a><\/p>\n<p>O Governo Federal recuou da decis\u00e3o de liberar um aux\u00edlio financeiro de R$ 2 Bilh\u00f5es de Reais para as Prefeituras de todo o Brasil. A not\u00edcia foi confirmada na noite de quinta-feira (28\/12)\u00a0pela Casa Civil da Presid\u00eancia da Rep\u00fablica e caiu como uma bomba na cabe\u00e7a dos prefeitos de todo o Brasil.<\/p>\n<p>Os prefeitos, diante da situa\u00e7\u00e3o pressionaram senadores e deputados e, como solu\u00e7\u00e3o, o Presidente Michel Temer publicou uma Medida Provis\u00f3ria disponibilizando os R$ 2 Bilh\u00f5es de Reais para o ano de 2018, no entanto, no documento n\u00e3o tem data para a disponibiliza\u00e7\u00e3o de recursos e o dinheiro s\u00f3 poder\u00e1 ser usado nas \u00e1reas da sa\u00fade e da educa\u00e7\u00e3o.\u00a0\u201c<strong><em>Essa \u00e9 mais uma prova de que o presidente n\u00e3o tem nenhuma considera\u00e7\u00e3o e respeito pelos munic\u00edpios e pelas pessoas que vivem aqui. Depois de toda essa sacanagem de nos surpreender ao n\u00e3o cumprir o que foi acordado em Bras\u00edlia, no dia 22.11, protela o problema por mais um ano e ainda determina como vamos gastar?!\u201d<\/em><\/strong>, disse o presidente da Uni\u00e3o dos Munic\u00edpios da Bahia, Eures Ribeiro. O gestor afirma, ainda, que os 417 prefeitos do estado est\u00e3o sem saber o que fazer diante da situa\u00e7\u00e3o. <strong><em>\u201cCont\u00e1vamos como repasse para fechar as contas do ano. Nem tenho palavras para classificar uma postura t\u00e3o desrespeitosa desse governo. Se n\u00e3o podemos confiar no presidente da Na\u00e7\u00e3o, o que nos resta?\u201d<\/em><\/strong>, completa.<\/p>\n<p>A mudan\u00e7a deixou a Prefeitura Municipal de Belmonte em uma situa\u00e7\u00e3o dif\u00edcil. Com v\u00e1rias d\u00edvidas acumuladas durante o ano, o gestor belmontense esperava ansiosamente os R$ 420.000,00 extras entrarem no caixa para aliviar as contas da Prefeitura. Pessoas ligadas \u00e0 gest\u00e3o municipal comentaram com nossa reportagem que est\u00e1 sendo organizado para o ano de 2018 um plano de conting\u00eancia de recursos e que a ordem agora \u00e9 apertar o cinto para tentar controlar as despesas. <strong><em>&#8220;O final do ano n\u00e3o est\u00e1 sendo bom para a gest\u00e3o e o come\u00e7o do ano tamb\u00e9m promete ser muito dif\u00edcil porque as d\u00edvidas continuam aumentando. Temos o problema dos retroativos dos professores, profissionais da sa\u00fade e de outras categorias j\u00e1 sinalizaram que v\u00e3o querer reajuste, temos problemas com fornecedores e prestadores de servi\u00e7o\u00a0e a Prefeitura n\u00e3o tem previs\u00e3o de recursos para fazer frente a todas essas despesas. Esse dinheiro que viria iria servir para dar uma aliviada na situa\u00e7\u00e3o e o cancelamento do mesmo deixou Belmonte em uma situa\u00e7\u00e3o preocupante para 2018.&#8221; <\/em><\/strong>&#8211; Comentou uma pessoa ligada \u00e0 administra\u00e7\u00e3o do Prefeito Janival Borges.<\/p>\n<p>&nbsp;<\/p>\n","protected":false},"excerpt":{"rendered":"<p>O Governo Federal recuou da decis\u00e3o de liberar um aux\u00edlio financeiro de R$ 2 Bilh\u00f5es de Reais para as Prefeituras de todo o Brasil. A not\u00edcia foi confirmada na noite de quinta-feira (28\/12)\u00a0pela Casa Civil da Presid\u00eancia da Rep\u00fablica e caiu como uma bomba na cabe\u00e7a dos prefeitos de todo o Brasil. Os prefeitos, diante [&hellip;]<\/p>\n","protected":false},"author":7,"featured_media":6352,"comment_status":"open","ping_status":"open","sticky":false,"template":"","format":"standard","meta":{"footnotes":""},"categories":[45,1],"tags":[108],"class_list":["post-17087","post","type-post","status-publish","format-standard","has-post-thumbnail","hentry","category-cidades","category-noticias","tag-belmonte"],"_links":{"self":[{"href":"https:\/\/www.maisbn.com\/portal\/wp-json\/wp\/v2\/posts\/17087","targetHints":{"allow":["GET"]}}],"collection":[{"href":"https:\/\/www.maisbn.com\/portal\/wp-json\/wp\/v2\/posts"}],"about":[{"href":"https:\/\/www.maisbn.com\/portal\/wp-json\/wp\/v2\/types\/post"}],"author":[{"embeddable":true,"href":"https:\/\/www.maisbn.com\/portal\/wp-json\/wp\/v2\/users\/7"}],"replies":[{"embeddable":true,"href":"https:\/\/www.maisbn.com\/portal\/wp-json\/wp\/v2\/comments?post=17087"}],"version-history":[{"count":1,"href":"https:\/\/www.maisbn.com\/portal\/wp-json\/wp\/v2\/posts\/17087\/revisions"}],"predecessor-version":[{"id":17088,"href":"https:\/\/www.maisbn.com\/portal\/wp-json\/wp\/v2\/posts\/17087\/revisions\/17088"}],"wp:featuredmedia":[{"embeddable":true,"href":"https:\/\/www.maisbn.com\/portal\/wp-json\/wp\/v2\/media\/6352"}],"wp:attachment":[{"href":"https:\/\/www.maisbn.com\/portal\/wp-json\/wp\/v2\/media?parent=17087"}],"wp:term":[{"taxonomy":"category","embeddable":true,"href":"https:\/\/www.maisbn.com\/portal\/wp-json\/wp\/v2\/categories?post=17087"},{"taxonomy":"post_tag","embeddable":true,"href":"https:\/\/www.maisbn.com\/portal\/wp-json\/wp\/v2\/tags?post=17087"}],"curies":[{"name":"wp","href":"https:\/\/api.w.org\/{rel}","templated":true}]}}