{"id":17039,"date":"2017-12-26T12:33:50","date_gmt":"2017-12-26T15:33:50","guid":{"rendered":"http:\/\/www.maisbn.com\/portal\/?p=17039"},"modified":"2017-12-26T12:33:50","modified_gmt":"2017-12-26T15:33:50","slug":"gerente-de-fazenda-morre-em-acidente-com-buggy-em-belmonte","status":"publish","type":"post","link":"https:\/\/www.maisbn.com\/portal\/2017\/12\/gerente-de-fazenda-morre-em-acidente-com-buggy-em-belmonte\/","title":{"rendered":"Gerente de fazenda morre em acidente com Buggy em Belmonte."},"content":{"rendered":"<p><a href=\"http:\/\/www.maisbn.com\/portal\/wp-content\/uploads\/2017\/12\/acidenteBuggy00001.jpg\"><img loading=\"lazy\" decoding=\"async\" class=\"aligncenter  wp-image-17040\" src=\"http:\/\/www.maisbn.com\/portal\/wp-content\/uploads\/2017\/12\/acidenteBuggy00001.jpg\" alt=\"acidenteBuggy00001\" width=\"600\" height=\"385\" \/><\/a><\/p>\n<p>Um acidente com um ve\u00edculo Buggy, placa policial JMX-8558 de Ilh\u00e9us, deixou uma pessoa morta e outra ferida no fim da tarde dessa segunda-feira (25\/12) na BA-275, pr\u00f3ximo ao povoado do Ub\u00fa.<\/p>\n<p>Investiga\u00e7\u00f5es iniciais indicam que o motorista Valter Alves da Silva, 50 anos, perdeu o controle da dire\u00e7\u00e3o e bateu em um barranco. Valter ainda chegou a ser levado para o Hospital Dr. Jos\u00e9 da Costa Pinto Dantas em Belmonte, mas n\u00e3o resistiu aos ferimentos. O carona Deivid Santos Batista, de 24 anos, que era genro do condutor, ficou internado na mesma unidade de sa\u00fade, mas n\u00e3o corre risco de morte.<\/p>\n<p>H\u00e1 suspeitas de que o ve\u00edculo, que estava puxando um reboque, tenha sofrido uma falha mec\u00e2nica. Familiares disseram que Valter era gerente de uma fazenda no munic\u00edpio de Belmonte. O corpo deve ser velado nessa segunda-feira na Igreja Coluna de Cristo em Barrol\u00e2ndia.<\/p>\n","protected":false},"excerpt":{"rendered":"<p>Um acidente com um ve\u00edculo Buggy, placa policial JMX-8558 de Ilh\u00e9us, deixou uma pessoa morta e outra ferida no fim da tarde dessa segunda-feira (25\/12) na BA-275, pr\u00f3ximo ao povoado do Ub\u00fa. Investiga\u00e7\u00f5es iniciais indicam que o motorista Valter Alves da Silva, 50 anos, perdeu o controle da dire\u00e7\u00e3o e bateu em um barranco. Valter [&hellip;]<\/p>\n","protected":false},"author":7,"featured_media":17040,"comment_status":"open","ping_status":"open","sticky":false,"template":"","format":"standard","meta":{"footnotes":""},"categories":[45,1],"tags":[435],"class_list":["post-17039","post","type-post","status-publish","format-standard","has-post-thumbnail","hentry","category-cidades","category-noticias","tag-belmonte-bahia-3"],"_links":{"self":[{"href":"https:\/\/www.maisbn.com\/portal\/wp-json\/wp\/v2\/posts\/17039","targetHints":{"allow":["GET"]}}],"collection":[{"href":"https:\/\/www.maisbn.com\/portal\/wp-json\/wp\/v2\/posts"}],"about":[{"href":"https:\/\/www.maisbn.com\/portal\/wp-json\/wp\/v2\/types\/post"}],"author":[{"embeddable":true,"href":"https:\/\/www.maisbn.com\/portal\/wp-json\/wp\/v2\/users\/7"}],"replies":[{"embeddable":true,"href":"https:\/\/www.maisbn.com\/portal\/wp-json\/wp\/v2\/comments?post=17039"}],"version-history":[{"count":1,"href":"https:\/\/www.maisbn.com\/portal\/wp-json\/wp\/v2\/posts\/17039\/revisions"}],"predecessor-version":[{"id":17041,"href":"https:\/\/www.maisbn.com\/portal\/wp-json\/wp\/v2\/posts\/17039\/revisions\/17041"}],"wp:featuredmedia":[{"embeddable":true,"href":"https:\/\/www.maisbn.com\/portal\/wp-json\/wp\/v2\/media\/17040"}],"wp:attachment":[{"href":"https:\/\/www.maisbn.com\/portal\/wp-json\/wp\/v2\/media?parent=17039"}],"wp:term":[{"taxonomy":"category","embeddable":true,"href":"https:\/\/www.maisbn.com\/portal\/wp-json\/wp\/v2\/categories?post=17039"},{"taxonomy":"post_tag","embeddable":true,"href":"https:\/\/www.maisbn.com\/portal\/wp-json\/wp\/v2\/tags?post=17039"}],"curies":[{"name":"wp","href":"https:\/\/api.w.org\/{rel}","templated":true}]}}