{"id":17036,"date":"2017-12-26T11:43:47","date_gmt":"2017-12-26T14:43:47","guid":{"rendered":"http:\/\/www.maisbn.com\/portal\/?p=17036"},"modified":"2017-12-26T11:43:47","modified_gmt":"2017-12-26T14:43:47","slug":"pm-prende-um-dos-autores-da-chacina-ocorrida-em-fevereiro-em-porto-seguro","status":"publish","type":"post","link":"https:\/\/www.maisbn.com\/portal\/2017\/12\/pm-prende-um-dos-autores-da-chacina-ocorrida-em-fevereiro-em-porto-seguro\/","title":{"rendered":"PM PRENDE UM DOS AUTORES DA CHACINA OCORRIDA EM FEVEREIRO EM PORTO SEGURO."},"content":{"rendered":"<p><a href=\"http:\/\/www.maisbn.com\/portal\/wp-content\/uploads\/2017\/12\/ba5ba441-93a5-44f7-b3e5-0caa8e4c2d82.jpg\"><img loading=\"lazy\" decoding=\"async\" class=\"aligncenter size-full wp-image-17037\" src=\"http:\/\/www.maisbn.com\/portal\/wp-content\/uploads\/2017\/12\/ba5ba441-93a5-44f7-b3e5-0caa8e4c2d82.jpg\" alt=\"ba5ba441-93a5-44f7-b3e5-0caa8e4c2d82\" width=\"413\" height=\"324\" \/><\/a><\/p>\n<p>Na noite do dia 25\/12, Policiais Militares do 8\u00ba BPM realizaram a pris\u00e3o de ISNALDO SILVA SANTOS, vulgo MONSTRO,\u00a0um dos autores da a\u00e7\u00e3o criminosa que levou oito pessoas a \u00f3bito no m\u00eas de fevereiro desse ano. Na ocasi\u00e3o, uma suposta disputa entre grupos criminosos rivais teria motivado a invas\u00e3o de uma festa no bairro Porto Alegre I, em Porto Seguro, e em ato cont\u00ednuo, a execu\u00e7\u00e3o de oito pessoas.<\/p>\n<p>Informa\u00e7\u00f5es anteriores apontam que al\u00e9m de estar diretamente envolvido com a ocorr\u00eancia, MONSTRO lidera uma organiza\u00e7\u00e3o criminosa que atua principalmente no tr\u00e1fico de drogas na cidade. Ele tamb\u00e9m \u00e9 apontado como respons\u00e1vel por outros homic\u00eddios ocorridos em Porto Seguro.<\/p>\n<p>A PM chegou a pris\u00e3o durante uma blitz realizada no bairro Vila Valdete, dentro de um conjunto de a\u00e7\u00f5es que est\u00e3o sendo desenvolvidas pelo 8\u00b0BPM para fortalecer a policiamento nas \u00e1reas perif\u00e9ricas da cidade.<\/p>\n<p><em><strong>Fonte. Ascom. 8\u00b0BPM.<\/strong><\/em><\/p>\n","protected":false},"excerpt":{"rendered":"<p>Na noite do dia 25\/12, Policiais Militares do 8\u00ba BPM realizaram a pris\u00e3o de ISNALDO SILVA SANTOS, vulgo MONSTRO,\u00a0um dos autores da a\u00e7\u00e3o criminosa que levou oito pessoas a \u00f3bito no m\u00eas de fevereiro desse ano. Na ocasi\u00e3o, uma suposta disputa entre grupos criminosos rivais teria motivado a invas\u00e3o de uma festa no bairro Porto [&hellip;]<\/p>\n","protected":false},"author":7,"featured_media":17037,"comment_status":"open","ping_status":"open","sticky":false,"template":"","format":"standard","meta":{"footnotes":""},"categories":[1,16],"tags":[108],"class_list":["post-17036","post","type-post","status-publish","format-standard","has-post-thumbnail","hentry","category-noticias","category-policial","tag-belmonte"],"_links":{"self":[{"href":"https:\/\/www.maisbn.com\/portal\/wp-json\/wp\/v2\/posts\/17036","targetHints":{"allow":["GET"]}}],"collection":[{"href":"https:\/\/www.maisbn.com\/portal\/wp-json\/wp\/v2\/posts"}],"about":[{"href":"https:\/\/www.maisbn.com\/portal\/wp-json\/wp\/v2\/types\/post"}],"author":[{"embeddable":true,"href":"https:\/\/www.maisbn.com\/portal\/wp-json\/wp\/v2\/users\/7"}],"replies":[{"embeddable":true,"href":"https:\/\/www.maisbn.com\/portal\/wp-json\/wp\/v2\/comments?post=17036"}],"version-history":[{"count":1,"href":"https:\/\/www.maisbn.com\/portal\/wp-json\/wp\/v2\/posts\/17036\/revisions"}],"predecessor-version":[{"id":17038,"href":"https:\/\/www.maisbn.com\/portal\/wp-json\/wp\/v2\/posts\/17036\/revisions\/17038"}],"wp:featuredmedia":[{"embeddable":true,"href":"https:\/\/www.maisbn.com\/portal\/wp-json\/wp\/v2\/media\/17037"}],"wp:attachment":[{"href":"https:\/\/www.maisbn.com\/portal\/wp-json\/wp\/v2\/media?parent=17036"}],"wp:term":[{"taxonomy":"category","embeddable":true,"href":"https:\/\/www.maisbn.com\/portal\/wp-json\/wp\/v2\/categories?post=17036"},{"taxonomy":"post_tag","embeddable":true,"href":"https:\/\/www.maisbn.com\/portal\/wp-json\/wp\/v2\/tags?post=17036"}],"curies":[{"name":"wp","href":"https:\/\/api.w.org\/{rel}","templated":true}]}}