{"id":16949,"date":"2017-12-15T16:00:23","date_gmt":"2017-12-15T19:00:23","guid":{"rendered":"http:\/\/www.maisbn.com\/portal\/?p=16949"},"modified":"2017-12-15T16:00:23","modified_gmt":"2017-12-15T19:00:23","slug":"nucleo-belmontense-e-destaque-no-conselho-da-aplb-regional-sul-realizado-em-nova-vicosa","status":"publish","type":"post","link":"https:\/\/www.maisbn.com\/portal\/2017\/12\/nucleo-belmontense-e-destaque-no-conselho-da-aplb-regional-sul-realizado-em-nova-vicosa\/","title":{"rendered":"N\u00facleo belmontense \u00e9 destaque no Conselho da APLB Regional Sul realizado em Nova Vi\u00e7osa."},"content":{"rendered":"<p><a href=\"http:\/\/www.maisbn.com\/portal\/wp-content\/uploads\/2017\/12\/WhatsApp-Image-2017-12-11-at-09.59.53-2.jpeg\"><img loading=\"lazy\" decoding=\"async\" class=\"aligncenter size-full wp-image-16950\" src=\"http:\/\/www.maisbn.com\/portal\/wp-content\/uploads\/2017\/12\/WhatsApp-Image-2017-12-11-at-09.59.53-2.jpeg\" alt=\"WhatsApp Image 2017-12-11 at 09.59.53 (2)\" width=\"600\" height=\"338\" \/><\/a><\/p>\n<p>Foi realizado nos \u00faltimos dias 07 e 08 de dezembro, na cidade de Nova Vi\u00e7osa, o Conselho da APLB Regional Sul, que contou com diversos dirigentes sindicais e teve como objetivo a discuss\u00e3o dos direcionamentos a serem empregados pelas delegacias sindicais da regi\u00e3o. O evento contou com a presen\u00e7a do Professor Rui, Coordenador Geral da APLB ESTADUAL, que usou da palava e tratou sobre as conjunturas pol\u00edticas e educacionais da atualidade. O Coordenador ainda abordou a import\u00e2ncia das APLBs de Belmonte, Eun\u00e1polis e Porto Seguro no hist\u00f3rico de lutas na regi\u00e3o e os avan\u00e7os que serviram como refer\u00eancia para as APLBs de toda a Bahia. O Professor Rui aproveitou o momento para homenagear e ressaltar a atua\u00e7\u00e3o do Sr. Rodrigo Martins frente ao n\u00facleo belmontense da entidade. <strong><em>&#8220;Ressalto a import\u00e2ncia de Rodrigo Martins que, apesar de estar licenciado do n\u00facleo da APLB em Belmonte, continua se fazendo presente e hoje figura como uma refer\u00eancia em lideran\u00e7a jovem dentro da APLB Estadual, gra\u00e7as ao seu conhecimento e determina\u00e7\u00e3o para lutar pelos direitos dos trabalhadores em educa\u00e7\u00e3o.&#8221;<\/em> <\/strong>&#8211; Finalizou o Coordenador Geral.<\/p>\n<p><a href=\"http:\/\/www.maisbn.com\/portal\/wp-content\/uploads\/2017\/12\/mosaico_reuniaoaplb.jpg\"><img loading=\"lazy\" decoding=\"async\" class=\"aligncenter  wp-image-16951\" src=\"http:\/\/www.maisbn.com\/portal\/wp-content\/uploads\/2017\/12\/mosaico_reuniaoaplb.jpg\" alt=\"mosaico_reuniaoaplb\" width=\"600\" height=\"386\" \/><\/a><\/p>\n<p>O Dr. Noildo, representante do setor jur\u00eddico da APLB, tamb\u00e9m esteve presente e ministrou uma palestra abordando o contexto jur\u00eddico dos precat\u00f3rios. O Vereador e diretor da APLB-Belmonte, Rog\u00e9rio Bahia, tamb\u00e9m usou da palavra e abordou a representatividade pol\u00edtica do trabalhador e afirmou que a capacita\u00e7\u00e3o \u00e9 um dos alicerces da luta de classe para a representa\u00e7\u00e3o no legislativo. Quem tamb\u00e9m participou das discuss\u00f5es foi o Sr. Rodrigo Martins, coordenador licenciado da APLB-Belmonte, onde o mesmo falou da organiza\u00e7\u00e3o sindical e da necessidade de unidade nas lutas educacionais. <strong><em>&#8220;Eu estive presente em mais de 21 munic\u00edpios da regi\u00e3o apoiando as lutas dos companheiros porque eu sei que a luta de classe \u00e9 muito mais do que apenas representa\u00e7\u00e3o sindical. Essa luta demanda conhecimento e, principalmente, a abdica\u00e7\u00e3o do individualismo. O importante \u00e9 focar no coletivo como um ideal a ser alcan\u00e7ado por todos.&#8221;<\/em><\/strong> &#8211; Finalizou Rodrigo Martins.<\/p>\n<p>Ainda, representando Belmonte, se fizeram presentes no evento o Sr. Igor Suzart, atual Coordenador da APLB-Belmonte e o Sr. Emanuel Crispin, tesoureiro do n\u00facleo belmontense da entidade.<\/p>\n","protected":false},"excerpt":{"rendered":"<p>Foi realizado nos \u00faltimos dias 07 e 08 de dezembro, na cidade de Nova Vi\u00e7osa, o Conselho da APLB Regional Sul, que contou com diversos dirigentes sindicais e teve como objetivo a discuss\u00e3o dos direcionamentos a serem empregados pelas delegacias sindicais da regi\u00e3o. O evento contou com a presen\u00e7a do Professor Rui, Coordenador Geral da [&hellip;]<\/p>\n","protected":false},"author":7,"featured_media":16950,"comment_status":"open","ping_status":"open","sticky":false,"template":"","format":"standard","meta":{"footnotes":""},"categories":[8,1],"tags":[108],"class_list":["post-16949","post","type-post","status-publish","format-standard","has-post-thumbnail","hentry","category-educacao","category-noticias","tag-belmonte"],"_links":{"self":[{"href":"https:\/\/www.maisbn.com\/portal\/wp-json\/wp\/v2\/posts\/16949","targetHints":{"allow":["GET"]}}],"collection":[{"href":"https:\/\/www.maisbn.com\/portal\/wp-json\/wp\/v2\/posts"}],"about":[{"href":"https:\/\/www.maisbn.com\/portal\/wp-json\/wp\/v2\/types\/post"}],"author":[{"embeddable":true,"href":"https:\/\/www.maisbn.com\/portal\/wp-json\/wp\/v2\/users\/7"}],"replies":[{"embeddable":true,"href":"https:\/\/www.maisbn.com\/portal\/wp-json\/wp\/v2\/comments?post=16949"}],"version-history":[{"count":1,"href":"https:\/\/www.maisbn.com\/portal\/wp-json\/wp\/v2\/posts\/16949\/revisions"}],"predecessor-version":[{"id":16952,"href":"https:\/\/www.maisbn.com\/portal\/wp-json\/wp\/v2\/posts\/16949\/revisions\/16952"}],"wp:featuredmedia":[{"embeddable":true,"href":"https:\/\/www.maisbn.com\/portal\/wp-json\/wp\/v2\/media\/16950"}],"wp:attachment":[{"href":"https:\/\/www.maisbn.com\/portal\/wp-json\/wp\/v2\/media?parent=16949"}],"wp:term":[{"taxonomy":"category","embeddable":true,"href":"https:\/\/www.maisbn.com\/portal\/wp-json\/wp\/v2\/categories?post=16949"},{"taxonomy":"post_tag","embeddable":true,"href":"https:\/\/www.maisbn.com\/portal\/wp-json\/wp\/v2\/tags?post=16949"}],"curies":[{"name":"wp","href":"https:\/\/api.w.org\/{rel}","templated":true}]}}