{"id":16945,"date":"2017-12-15T16:11:09","date_gmt":"2017-12-15T19:11:09","guid":{"rendered":"http:\/\/www.maisbn.com\/portal\/?p=16945"},"modified":"2017-12-15T16:11:09","modified_gmt":"2017-12-15T19:11:09","slug":"unidade-do-samu-em-cabralia-completa-06-anos-de-atuacao-no-salvamento-de-vidas-em-toda-a-regiao","status":"publish","type":"post","link":"https:\/\/www.maisbn.com\/portal\/2017\/12\/unidade-do-samu-em-cabralia-completa-06-anos-de-atuacao-no-salvamento-de-vidas-em-toda-a-regiao\/","title":{"rendered":"Unidade do SAMU em Cabr\u00e1lia completa 06 anos de atua\u00e7\u00e3o no salvamento de vidas em toda a regi\u00e3o."},"content":{"rendered":"<p><a href=\"http:\/\/www.maisbn.com\/portal\/wp-content\/uploads\/2017\/12\/WhatsApp-Image-2017-12-15-at-09.30.11-e1513364978340.jpeg\"><img loading=\"lazy\" decoding=\"async\" class=\"aligncenter size-full wp-image-16953\" src=\"http:\/\/www.maisbn.com\/portal\/wp-content\/uploads\/2017\/12\/WhatsApp-Image-2017-12-15-at-09.30.11-e1513364978340.jpeg\" alt=\"WhatsApp Image 2017-12-15 at 09.30.11\" width=\"600\" height=\"318\" \/><\/a><\/p>\n<p>Nessa sexta-feira (15\/12) o Servi\u00e7o de Atendimento M\u00f3vel de Urg\u00eancia (SAMU) est\u00e1 fazendo 06 anos de instala\u00e7\u00e3o no munic\u00edpio de Santa Cruz Cabr\u00e1lia. Essa data especial foi lembrada pela Secret\u00e1ria Municipal de Sa\u00fade, a Sr\u00aa M\u00e1rcia Quaresma, que esteve presente na base local do SAMU e participou de uma pequena confraterniza\u00e7\u00e3o com os funcion\u00e1rios.<\/p>\n<p>O SAMU \u00e9 um servi\u00e7o essencial para a popula\u00e7\u00e3o porque atua nos momentos mais cr\u00edticos que s\u00e3os os primeiros atendimentos de urg\u00eancia que o paciente recebe antes de chegar ao hospital. Os profissionais que trabalham no atendimento s\u00e3o treinados para agir em situa\u00e7\u00f5es extremas e o objetivo principal \u00e9 prover meios para que as pessoas atendidas cheguem \u00e0s unidades de sa\u00fade nas melhores condi\u00e7\u00f5es poss\u00edveis.<\/p>\n<p>O SAMU de Santa Cruz Cabr\u00e1lia, devido ao n\u00edvel de excel\u00eancia das suas equipes, ainda d\u00e1 suporte a outros munic\u00edpios pr\u00f3ximos sempre que \u00e9 preciso. Para isso, os profissionais s\u00e3o acionados por uma central localizada em Eun\u00e1polis que decide qual unidade pode chegar mais r\u00e1pido para atender as ocorr\u00eancias. &#8220;<strong><em>Temos que lembrar que o SAMU, apesar de ter as suas bases em v\u00e1rias cidades, \u00e9 um servi\u00e7o interligado e os acionamentos s\u00e3o centralizados atrav\u00e9s do telefone 192. Acionados por esse n\u00famero, as equipes tamb\u00e9m d\u00e3o suporte e atendimento a pacientes em estado grave em cidades que n\u00e3o tem base do SAMU em funcionamento e que n\u00e3o tem ve\u00edculos, equipamentos e nem equipes para dar assist\u00eancia e preservar os sinais vitais desses pacientes at\u00e9 chegar ao Hospital indicado para receb\u00ea-los.&#8221;<\/em> <\/strong>&#8211; Finalizou Dejane Dias, coordenadora do SAMU em Santa Cruz Cabr\u00e1lia.<\/p>\n<p>Finalizamos dando parab\u00e9ns a esses profissionais t\u00e3o importantes para a popula\u00e7\u00e3o de toda a Costa do Descobrimento. Tamb\u00e9m damos os parab\u00e9ns \u00e0 Secretaria Municipal de Sa\u00fade de Santa Cruz Cabr\u00e1lia por manter as condi\u00e7\u00f5es necess\u00e1rias para o funcionamento desse servi\u00e7o t\u00e3o importante para o salvamento e preserva\u00e7\u00e3o da vida.<\/p>\n<p>&nbsp;<\/p>\n","protected":false},"excerpt":{"rendered":"<p>Nessa sexta-feira (15\/12) o Servi\u00e7o de Atendimento M\u00f3vel de Urg\u00eancia (SAMU) est\u00e1 fazendo 06 anos de instala\u00e7\u00e3o no munic\u00edpio de Santa Cruz Cabr\u00e1lia. Essa data especial foi lembrada pela Secret\u00e1ria Municipal de Sa\u00fade, a Sr\u00aa M\u00e1rcia Quaresma, que esteve presente na base local do SAMU e participou de uma pequena confraterniza\u00e7\u00e3o com os funcion\u00e1rios. O [&hellip;]<\/p>\n","protected":false},"author":7,"featured_media":16953,"comment_status":"open","ping_status":"open","sticky":false,"template":"","format":"standard","meta":{"footnotes":""},"categories":[1,28],"tags":[108],"class_list":["post-16945","post","type-post","status-publish","format-standard","has-post-thumbnail","hentry","category-noticias","category-saude-noticias","tag-belmonte"],"_links":{"self":[{"href":"https:\/\/www.maisbn.com\/portal\/wp-json\/wp\/v2\/posts\/16945","targetHints":{"allow":["GET"]}}],"collection":[{"href":"https:\/\/www.maisbn.com\/portal\/wp-json\/wp\/v2\/posts"}],"about":[{"href":"https:\/\/www.maisbn.com\/portal\/wp-json\/wp\/v2\/types\/post"}],"author":[{"embeddable":true,"href":"https:\/\/www.maisbn.com\/portal\/wp-json\/wp\/v2\/users\/7"}],"replies":[{"embeddable":true,"href":"https:\/\/www.maisbn.com\/portal\/wp-json\/wp\/v2\/comments?post=16945"}],"version-history":[{"count":3,"href":"https:\/\/www.maisbn.com\/portal\/wp-json\/wp\/v2\/posts\/16945\/revisions"}],"predecessor-version":[{"id":16954,"href":"https:\/\/www.maisbn.com\/portal\/wp-json\/wp\/v2\/posts\/16945\/revisions\/16954"}],"wp:featuredmedia":[{"embeddable":true,"href":"https:\/\/www.maisbn.com\/portal\/wp-json\/wp\/v2\/media\/16953"}],"wp:attachment":[{"href":"https:\/\/www.maisbn.com\/portal\/wp-json\/wp\/v2\/media?parent=16945"}],"wp:term":[{"taxonomy":"category","embeddable":true,"href":"https:\/\/www.maisbn.com\/portal\/wp-json\/wp\/v2\/categories?post=16945"},{"taxonomy":"post_tag","embeddable":true,"href":"https:\/\/www.maisbn.com\/portal\/wp-json\/wp\/v2\/tags?post=16945"}],"curies":[{"name":"wp","href":"https:\/\/api.w.org\/{rel}","templated":true}]}}