{"id":16923,"date":"2017-12-13T08:59:34","date_gmt":"2017-12-13T11:59:34","guid":{"rendered":"http:\/\/www.maisbn.com\/portal\/?p=16923"},"modified":"2017-12-13T08:59:34","modified_gmt":"2017-12-13T11:59:34","slug":"academia-ao-combate-realiza-exame-de-troca-de-faixas-em-belmonte","status":"publish","type":"post","link":"https:\/\/www.maisbn.com\/portal\/2017\/12\/academia-ao-combate-realiza-exame-de-troca-de-faixas-em-belmonte\/","title":{"rendered":"Academia Ao Combate realiza exame de troca de faixas em Belmonte."},"content":{"rendered":"<p>A Academia Ao Combate realizou no \u00faltimo domingo (10\/12) o seu exame de troca de faixas onde estiveram presentes v\u00e1rios atletas belmontenses, alunos da academia e pais. O exame foi comandado e supervisionados pelo S\u00eanseis F\u00e1bio Costa, Andr\u00e9 Barreto e Henrique Leite. Durante as avalia\u00e7\u00f5es para a troca de faixa foi cobrado dos alunos coordena\u00e7\u00e3o motora, t\u00e9cnicas de queda, as condi\u00e7\u00f5es f\u00edsicas e t\u00e9cnicas dos alunos, a resist\u00eancia e as posi\u00e7\u00f5es, sempre respeitando o n\u00edvel de grau de cada um.<\/p>\n<p><a href=\"http:\/\/www.maisbn.com\/portal\/wp-content\/uploads\/2017\/12\/WhatsApp-Image-2017-12-12-at-08.50.32.jpeg\"><img loading=\"lazy\" decoding=\"async\" class=\"aligncenter size-full wp-image-16924\" src=\"http:\/\/www.maisbn.com\/portal\/wp-content\/uploads\/2017\/12\/WhatsApp-Image-2017-12-12-at-08.50.32.jpeg\" alt=\"WhatsApp Image 2017-12-12 at 08.50.32\" width=\"600\" height=\"450\" \/><\/a><\/p>\n<p>O momento mais esperado do exame foi a gradua\u00e7\u00e3o do Professor Hermes Andrade que passou por todas as avalia\u00e7\u00f5es e se torno Sensei com o recebimento da faixa preta. Hermes comentou que a nova faixa simboliza a evolu\u00e7\u00e3o t\u00e9cnica de cada praticante do Jiu-J\u00edtsu e que a cada troca de faixa aumenta-se ainda mais a responsabilidade de cada um, j\u00e1 que, tamb\u00e9m \u00e9 observada a forma\u00e7\u00e3o do car\u00e1ter de cada atleta, tanto dentro como fora do tatame. <em>\u201c<strong>Quero agradecer ao bom Deus por essa conquista.\u00a0<\/strong><strong>Agradecer aos meus alunos, porque sem voc\u00eas n\u00e3o seria poss\u00edvel isso acontecer.\u00a0<\/strong><\/em><strong><em>Obrigado a todos pelos dias, horas e minutos que passamos juntos treinando para fortalecer o corpo e a mente. Tamb\u00e9m quero agradecer \u00e0s vibra\u00e7\u00f5es positivas dos atletas que n\u00e3o puderam comparecer, mas que ficaram na torcida para o sucesso do nosso exame. Sou grato a cada um de voc\u00eas por proporcionarem essa linda hist\u00f3ria em minha vida.&#8221;<\/em> &#8211;<\/strong> Finalizou o novo Sensei.<\/p>\n<p><a href=\"http:\/\/www.maisbn.com\/portal\/wp-content\/uploads\/2017\/12\/mosaico_trocadefaixajiujitsu.jpg\"><img loading=\"lazy\" decoding=\"async\" class=\"aligncenter  wp-image-16925\" src=\"http:\/\/www.maisbn.com\/portal\/wp-content\/uploads\/2017\/12\/mosaico_trocadefaixajiujitsu.jpg\" alt=\"mosaico_trocadefaixajiujitsu\" width=\"600\" height=\"386\" \/><\/a><\/p>\n<p>O Sensei F\u00e1bio Costa tamb\u00e9m usou da palavra e colocou que naquele momento foi realizada uma das melhores gradua\u00e7\u00f5es de todas que ele participou. O Sensei elogiou o envolvimento dos alunos e seus familiares no sucesso do evento e o apoio dado por todos ao Sensei Hermes. &#8220;<strong><em>O Sensei Hermes vem fazendo um bel\u00edssimo trabalho em Belmonte e produz cada vez mais campe\u00f5es que s\u00e3o refer\u00eancia em toda a Costa do Descobrimento. O que se v\u00ea aqui n\u00e3o \u00e9 o sucesso s\u00f3 dentro do Tatame o que presenciamos \u00e9 a forma\u00e7\u00e3o de adultos respons\u00e1veis para toda a vida.&#8221;<\/em><\/strong> &#8211; Comentou o Sensei.<\/p>\n<p>&nbsp;<\/p>\n","protected":false},"excerpt":{"rendered":"<p>A Academia Ao Combate realizou no \u00faltimo domingo (10\/12) o seu exame de troca de faixas onde estiveram presentes v\u00e1rios atletas belmontenses, alunos da academia e pais. O exame foi comandado e supervisionados pelo S\u00eanseis F\u00e1bio Costa, Andr\u00e9 Barreto e Henrique Leite. Durante as avalia\u00e7\u00f5es para a troca de faixa foi cobrado dos alunos coordena\u00e7\u00e3o [&hellip;]<\/p>\n","protected":false},"author":7,"featured_media":16924,"comment_status":"open","ping_status":"open","sticky":false,"template":"","format":"standard","meta":{"footnotes":""},"categories":[10,1],"tags":[108],"class_list":["post-16923","post","type-post","status-publish","format-standard","has-post-thumbnail","hentry","category-esporte","category-noticias","tag-belmonte"],"_links":{"self":[{"href":"https:\/\/www.maisbn.com\/portal\/wp-json\/wp\/v2\/posts\/16923","targetHints":{"allow":["GET"]}}],"collection":[{"href":"https:\/\/www.maisbn.com\/portal\/wp-json\/wp\/v2\/posts"}],"about":[{"href":"https:\/\/www.maisbn.com\/portal\/wp-json\/wp\/v2\/types\/post"}],"author":[{"embeddable":true,"href":"https:\/\/www.maisbn.com\/portal\/wp-json\/wp\/v2\/users\/7"}],"replies":[{"embeddable":true,"href":"https:\/\/www.maisbn.com\/portal\/wp-json\/wp\/v2\/comments?post=16923"}],"version-history":[{"count":1,"href":"https:\/\/www.maisbn.com\/portal\/wp-json\/wp\/v2\/posts\/16923\/revisions"}],"predecessor-version":[{"id":16926,"href":"https:\/\/www.maisbn.com\/portal\/wp-json\/wp\/v2\/posts\/16923\/revisions\/16926"}],"wp:featuredmedia":[{"embeddable":true,"href":"https:\/\/www.maisbn.com\/portal\/wp-json\/wp\/v2\/media\/16924"}],"wp:attachment":[{"href":"https:\/\/www.maisbn.com\/portal\/wp-json\/wp\/v2\/media?parent=16923"}],"wp:term":[{"taxonomy":"category","embeddable":true,"href":"https:\/\/www.maisbn.com\/portal\/wp-json\/wp\/v2\/categories?post=16923"},{"taxonomy":"post_tag","embeddable":true,"href":"https:\/\/www.maisbn.com\/portal\/wp-json\/wp\/v2\/tags?post=16923"}],"curies":[{"name":"wp","href":"https:\/\/api.w.org\/{rel}","templated":true}]}}