{"id":16918,"date":"2017-12-13T09:01:09","date_gmt":"2017-12-13T12:01:09","guid":{"rendered":"http:\/\/www.maisbn.com\/portal\/?p=16918"},"modified":"2017-12-13T09:01:09","modified_gmt":"2017-12-13T12:01:09","slug":"enfermeira-belmontense-se-torna-a-primeira-condutora-mulher-do-samu-no-extremo-sul-da-bahia","status":"publish","type":"post","link":"https:\/\/www.maisbn.com\/portal\/2017\/12\/enfermeira-belmontense-se-torna-a-primeira-condutora-mulher-do-samu-no-extremo-sul-da-bahia\/","title":{"rendered":"Enfermeira belmontense se torna a primeira condutora mulher do SAMU no Extremo Sul da Bahia."},"content":{"rendered":"<p>Quem conhece a enfermeira Dejane Dias confirma o perfil de superar desafios dessa profissional renomada que \u00e9 refer\u00eancia na sa\u00fade em Belmonte e vem conquistando espa\u00e7o atrav\u00e9s dos \u00f3timos servi\u00e7os prestados no munic\u00edpio de Santa Cruz Cabr\u00e1lia.<\/p>\n<p><a href=\"http:\/\/www.maisbn.com\/portal\/wp-content\/uploads\/2017\/12\/WhatsApp-Image-2017-12-12-at-23.06.54-2-e1513134498804.jpeg\"><img loading=\"lazy\" decoding=\"async\" class=\"aligncenter wp-image-16919\" src=\"http:\/\/www.maisbn.com\/portal\/wp-content\/uploads\/2017\/12\/WhatsApp-Image-2017-12-12-at-23.06.54-2-675x900.jpeg\" alt=\"WhatsApp Image 2017-12-12 at 23.06.54 (2)\" width=\"494\" height=\"659\" \/><\/a><\/p>\n<p>A morena de cabelos lisos, 38 anos e 1,62 m de altura j\u00e1 trabalhou em diversas unidades de sa\u00fade e a sua maior especialidade \u00e9 o atendimento de emerg\u00eancia onde a mesma j\u00e1 ajudou a salvar muitas vidas, gra\u00e7as ao seu \u00f3timo preparo profissional. Dejane tamb\u00e9m \u00e9 muito elogiada pela sua dedica\u00e7\u00e3o a todos os pacientes, fato que a torna uma das enfermeiras mais requisitadas da Costa do Descobrimento.<\/p>\n<p><a href=\"http:\/\/www.maisbn.com\/portal\/wp-content\/uploads\/2017\/12\/mosaico_condutorasamu.jpg\"><img loading=\"lazy\" decoding=\"async\" class=\"aligncenter wp-image-16920\" src=\"http:\/\/www.maisbn.com\/portal\/wp-content\/uploads\/2017\/12\/mosaico_condutorasamu.jpg\" alt=\"mosaico_condutorasamu\" width=\"600\" height=\"386\" \/><\/a><\/p>\n<p>Mesmo com todo esse curr\u00edculo e hist\u00f3rico profissional a enfermeira Deijane Dias decidiu se superar mais uma vez e agora, al\u00e9m de ser Coordenadora do SAMU de Santa Cruz Cabr\u00e1lia, a mesma se tornou a primeira condutora feminina de ambul\u00e2ncias do servi\u00e7o em todo o extremo sul baiano. Nossa equipe conversou coma enfermeira e a mesma comentou com nossa equipe que foi um desafio fazer o curso de dire\u00e7\u00e3o de ve\u00edculos de emerg\u00eancia. Dejane colocou que era vista com desconfian\u00e7a pelos colegas que estavam acostumados a ter sempre um motorista homem conduzindo as ambul\u00e2ncias. &#8220;As pessoas est\u00e3o se acostumando com a minha presen\u00e7a no volante e o meu objetivo \u00e9 sempre buscar me especializar cada vez mais e me tornar uma profissional cada vez mais preparada para os desafios di\u00e1rios enfrentados no Servi\u00e7o de Atendimento de Emerg\u00eancia. &#8221; &#8211; Concluiu Dejane.<\/p>\n<p>&nbsp;<\/p>\n<p>&nbsp;<\/p>\n","protected":false},"excerpt":{"rendered":"<p>Quem conhece a enfermeira Dejane Dias confirma o perfil de superar desafios dessa profissional renomada que \u00e9 refer\u00eancia na sa\u00fade em Belmonte e vem conquistando espa\u00e7o atrav\u00e9s dos \u00f3timos servi\u00e7os prestados no munic\u00edpio de Santa Cruz Cabr\u00e1lia. A morena de cabelos lisos, 38 anos e 1,62 m de altura j\u00e1 trabalhou em diversas unidades de [&hellip;]<\/p>\n","protected":false},"author":7,"featured_media":16921,"comment_status":"open","ping_status":"open","sticky":false,"template":"","format":"standard","meta":{"footnotes":""},"categories":[1,28],"tags":[108],"class_list":["post-16918","post","type-post","status-publish","format-standard","has-post-thumbnail","hentry","category-noticias","category-saude-noticias","tag-belmonte"],"_links":{"self":[{"href":"https:\/\/www.maisbn.com\/portal\/wp-json\/wp\/v2\/posts\/16918","targetHints":{"allow":["GET"]}}],"collection":[{"href":"https:\/\/www.maisbn.com\/portal\/wp-json\/wp\/v2\/posts"}],"about":[{"href":"https:\/\/www.maisbn.com\/portal\/wp-json\/wp\/v2\/types\/post"}],"author":[{"embeddable":true,"href":"https:\/\/www.maisbn.com\/portal\/wp-json\/wp\/v2\/users\/7"}],"replies":[{"embeddable":true,"href":"https:\/\/www.maisbn.com\/portal\/wp-json\/wp\/v2\/comments?post=16918"}],"version-history":[{"count":1,"href":"https:\/\/www.maisbn.com\/portal\/wp-json\/wp\/v2\/posts\/16918\/revisions"}],"predecessor-version":[{"id":16922,"href":"https:\/\/www.maisbn.com\/portal\/wp-json\/wp\/v2\/posts\/16918\/revisions\/16922"}],"wp:featuredmedia":[{"embeddable":true,"href":"https:\/\/www.maisbn.com\/portal\/wp-json\/wp\/v2\/media\/16921"}],"wp:attachment":[{"href":"https:\/\/www.maisbn.com\/portal\/wp-json\/wp\/v2\/media?parent=16918"}],"wp:term":[{"taxonomy":"category","embeddable":true,"href":"https:\/\/www.maisbn.com\/portal\/wp-json\/wp\/v2\/categories?post=16918"},{"taxonomy":"post_tag","embeddable":true,"href":"https:\/\/www.maisbn.com\/portal\/wp-json\/wp\/v2\/tags?post=16918"}],"curies":[{"name":"wp","href":"https:\/\/api.w.org\/{rel}","templated":true}]}}