{"id":16814,"date":"2017-12-06T09:38:51","date_gmt":"2017-12-06T12:38:51","guid":{"rendered":"http:\/\/www.maisbn.com\/portal\/?p=16814"},"modified":"2017-12-06T12:51:49","modified_gmt":"2017-12-06T15:51:49","slug":"policia-civil-prende-acusado-de-tentativa-de-homicidio-em-belmonte","status":"publish","type":"post","link":"https:\/\/www.maisbn.com\/portal\/2017\/12\/policia-civil-prende-acusado-de-tentativa-de-homicidio-em-belmonte\/","title":{"rendered":"Pol\u00edcia Civil prende homem armado acusado de tentativa de homic\u00eddio em Belmonte."},"content":{"rendered":"<p>Na manh\u00e3 dessa ter\u00e7a-feira (05\/12) uma dilig\u00eancia bem sucedida realizada pelas equipes da Pol\u00edcia Civil de Belmonte conseguiram prender S\u00e1vio Sant&#8217;ana Ana Santos (21 anos). Com o mesmo foi encontrado um rev\u00f3lver calibre .38, da marca Taurus e 06 muni\u00e7\u00f5es do mesmo calibre.<\/p>\n<p><a href=\"http:\/\/www.maisbn.com\/portal\/wp-content\/uploads\/2017\/12\/savio_armado00002.jpg\"><img loading=\"lazy\" decoding=\"async\" class=\"aligncenter wp-image-16815\" src=\"http:\/\/www.maisbn.com\/portal\/wp-content\/uploads\/2017\/12\/savio_armado00002.jpg\" alt=\"savio_armado00002\" width=\"600\" height=\"385\" \/><\/a><\/p>\n<p>O mesmo \u00e9 acusado de efetuar diversos disparos de arma de fogo em via p\u00fablica. S\u00e1vio, segundo divulgou a Pol\u00edcia Civil, \u00e9 investigado por ter atingido com um tiro no \u00faltimo dia 02\/12 a v\u00edtima uma menor de idade. O fato aconteceu na Praia do Mar Moreno e a mesma ainda se encontra hospitalizada, segundo informou em nota a Pol\u00edcia Civil de Belmonte. A Pol\u00edcia Civil ainda tem informa\u00e7\u00f5es de que S\u00e1vio \u00e9 apontado como uma pessoa violenta e que o mesmo teria autoria em outro delito. O Delegado respons\u00e1vel pelo caso, Dr. Wendel, n\u00e3o quis divulgar mais informa\u00e7\u00f5es para n\u00e3o atrapalhar as investiga\u00e7\u00f5es.<\/p>\n<p><a href=\"http:\/\/www.maisbn.com\/portal\/wp-content\/uploads\/2017\/12\/savio_armado00001.jpg\"><img loading=\"lazy\" decoding=\"async\" class=\"aligncenter wp-image-16816\" src=\"http:\/\/www.maisbn.com\/portal\/wp-content\/uploads\/2017\/12\/savio_armado00001.jpg\" alt=\"savio_armado00001\" width=\"600\" height=\"385\" \/><\/a><\/p>\n<p>O investigado foi conduzido para a Delegacia Territorial de Belmonte onde foi lavrado o flagrante por porte ilegal de arma de fogo de uso permitido. Uma afian\u00e7a foi arbitrada e o acusado deve responder o crime em liberdade.<\/p>\n","protected":false},"excerpt":{"rendered":"<p>Na manh\u00e3 dessa ter\u00e7a-feira (05\/12) uma dilig\u00eancia bem sucedida realizada pelas equipes da Pol\u00edcia Civil de Belmonte conseguiram prender S\u00e1vio Sant&#8217;ana Ana Santos (21 anos). Com o mesmo foi encontrado um rev\u00f3lver calibre .38, da marca Taurus e 06 muni\u00e7\u00f5es do mesmo calibre. O mesmo \u00e9 acusado de efetuar diversos disparos de arma de fogo [&hellip;]<\/p>\n","protected":false},"author":7,"featured_media":16815,"comment_status":"open","ping_status":"open","sticky":false,"template":"","format":"standard","meta":{"footnotes":""},"categories":[1,16],"tags":[108],"class_list":["post-16814","post","type-post","status-publish","format-standard","has-post-thumbnail","hentry","category-noticias","category-policial","tag-belmonte"],"_links":{"self":[{"href":"https:\/\/www.maisbn.com\/portal\/wp-json\/wp\/v2\/posts\/16814","targetHints":{"allow":["GET"]}}],"collection":[{"href":"https:\/\/www.maisbn.com\/portal\/wp-json\/wp\/v2\/posts"}],"about":[{"href":"https:\/\/www.maisbn.com\/portal\/wp-json\/wp\/v2\/types\/post"}],"author":[{"embeddable":true,"href":"https:\/\/www.maisbn.com\/portal\/wp-json\/wp\/v2\/users\/7"}],"replies":[{"embeddable":true,"href":"https:\/\/www.maisbn.com\/portal\/wp-json\/wp\/v2\/comments?post=16814"}],"version-history":[{"count":5,"href":"https:\/\/www.maisbn.com\/portal\/wp-json\/wp\/v2\/posts\/16814\/revisions"}],"predecessor-version":[{"id":16826,"href":"https:\/\/www.maisbn.com\/portal\/wp-json\/wp\/v2\/posts\/16814\/revisions\/16826"}],"wp:featuredmedia":[{"embeddable":true,"href":"https:\/\/www.maisbn.com\/portal\/wp-json\/wp\/v2\/media\/16815"}],"wp:attachment":[{"href":"https:\/\/www.maisbn.com\/portal\/wp-json\/wp\/v2\/media?parent=16814"}],"wp:term":[{"taxonomy":"category","embeddable":true,"href":"https:\/\/www.maisbn.com\/portal\/wp-json\/wp\/v2\/categories?post=16814"},{"taxonomy":"post_tag","embeddable":true,"href":"https:\/\/www.maisbn.com\/portal\/wp-json\/wp\/v2\/tags?post=16814"}],"curies":[{"name":"wp","href":"https:\/\/api.w.org\/{rel}","templated":true}]}}