{"id":16784,"date":"2017-12-03T19:20:00","date_gmt":"2017-12-03T22:20:00","guid":{"rendered":"http:\/\/www.maisbn.com\/portal\/?p=16784"},"modified":"2017-12-03T20:33:33","modified_gmt":"2017-12-03T23:33:33","slug":"fortes-ondas-voltam-a-castigar-a-praia-do-mar-moreno-e-assustam-moradores","status":"publish","type":"post","link":"https:\/\/www.maisbn.com\/portal\/2017\/12\/fortes-ondas-voltam-a-castigar-a-praia-do-mar-moreno-e-assustam-moradores\/","title":{"rendered":"Fortes ondas voltam a castigar a Praia do Mar Moreno e assustam moradores."},"content":{"rendered":"<blockquote><p>Fortes ondas voltaram a castigar a Praia do Mar Moreno e assustaram os moradores nesse s\u00e1bado (03\/12).\u00a0 O avan\u00e7o das \u00e1guas, que vem acontecendo h\u00e1 v\u00e1rias semanas, j\u00e1 levou uma rua inteira, constru\u00e7\u00f5es, cal\u00e7amento e na \u00faltima quarta-feira (29\/11) derrubou as instala\u00e7\u00f5es onde antes funcionava a Barraca Esquina do Guaiamum.<\/p><\/blockquote>\n<p><iframe loading=\"lazy\" style=\"border: none; overflow: hidden;\" src=\"https:\/\/www.facebook.com\/plugins\/video.php?href=https%3A%2F%2Fwww.facebook.com%2FB3lmont3B4hi4%2Fvideos%2F1468704939903576%2F&amp;show_text=0&amp;width=560\" width=\"560\" height=\"315\" frameborder=\"0\" scrolling=\"no\" allowfullscreen=\"allowfullscreen\"><\/iframe><\/p>\n<p>V\u00e1rias casas construidas pr\u00f3ximas ao litoral belmontense est\u00e3o em estado de emerg\u00eancia com as ondas batendo \u00e0s suas portas. A Prefeitura Municipal de Belmonte tentou fazer barreiras para tentar aplacar a f\u00faria da mar\u00e9, mas o mar levou os grandes montes de areia levantados por m\u00e1quinas a servi\u00e7o do munic\u00edpio.<\/p>\n<p><a href=\"http:\/\/www.maisbn.com\/portal\/wp-content\/uploads\/2017\/12\/mosaico_erosaopraia.jpg\"><img loading=\"lazy\" decoding=\"async\" class=\"aligncenter wp-image-16788\" src=\"http:\/\/www.maisbn.com\/portal\/wp-content\/uploads\/2017\/12\/mosaico_erosaopraia.jpg\" alt=\"mosaico_erosaopraia\" width=\"600\" height=\"386\" \/><\/a><\/p>\n<p><strong>Estado de Emerg\u00eancia decretado pela Prefeitura de Belmonte \u00e9 negado pelo Governo Federal por falta de documentos.<\/strong><\/p>\n<p>O estado de emerg\u00eancia, decretado pelo Prefeito Janival Borges, j\u00e1 foi homologado pelo Governo da Bahia, mas est\u00e1 tendo dificuldades para ser aprovado pelo Minist\u00e9rio de Integra\u00e7\u00e3o Nacional. O \u00f3rg\u00e3o federal alegou que a Prefeitura de Belmonte n\u00e3o apresentou dentro do prazo os documentos exigidos para o andamento do processo de libera\u00e7\u00e3o dos recursos federais para a efetiva\u00e7\u00e3o das obras de conten\u00e7\u00e3o da mar\u00e9. A Secretaria Municipal do Meio Ambiente informou que o pedido foi negado pelo Governo Federal, mas que, a Prefeitura de Belmonte entrou com um pedido de reconsidera\u00e7\u00e3o e espera o posicionamento do Minist\u00e9rio da Integra\u00e7\u00e3o Nacional.<\/p>\n<p><a href=\"http:\/\/www.maisbn.com\/portal\/wp-content\/uploads\/2017\/12\/raimundo_abelha.jpg\"><img loading=\"lazy\" decoding=\"async\" class=\"aligncenter wp-image-16789\" src=\"http:\/\/www.maisbn.com\/portal\/wp-content\/uploads\/2017\/12\/raimundo_abelha.jpg\" alt=\"raimundo_abelha\" width=\"601\" height=\"334\" \/><\/a><\/p>\n<p>Enquanto as equipes da Prefeitura de Belmonte batem cabe\u00e7a para driblar a burocracia, os moradores e comerciantes da Praia do Mar Moreno amargam grandes preju\u00edzos. Os banhistas e surfistas tamb\u00e9m deixaram de frequentar a praia belmontense por causa do perigo dos escombros deixados pelas constru\u00e7\u00f5es demolidas pelo mar.<\/p>\n<p>Veja reportagem completa veiculada pela TV Santa Cruz sobre o caso:<\/p>\n<p><iframe loading=\"lazy\" style=\"border: none; overflow: hidden;\" src=\"https:\/\/www.facebook.com\/plugins\/post.php?href=https%3A%2F%2Fwww.facebook.com%2Fcrisney.souzadias.5%2Fposts%2F1354393264672476&amp;width=500\" width=\"500\" height=\"453\" frameborder=\"0\" scrolling=\"no\"><\/iframe><\/p>\n","protected":false},"excerpt":{"rendered":"<p>Fortes ondas voltaram a castigar a Praia do Mar Moreno e assustaram os moradores nesse s\u00e1bado (03\/12).\u00a0 O avan\u00e7o das \u00e1guas, que vem acontecendo h\u00e1 v\u00e1rias semanas, j\u00e1 levou uma rua inteira, constru\u00e7\u00f5es, cal\u00e7amento e na \u00faltima quarta-feira (29\/11) derrubou as instala\u00e7\u00f5es onde antes funcionava a Barraca Esquina do Guaiamum. V\u00e1rias casas construidas pr\u00f3ximas ao [&hellip;]<\/p>\n","protected":false},"author":7,"featured_media":16790,"comment_status":"open","ping_status":"open","sticky":false,"template":"","format":"standard","meta":{"footnotes":""},"categories":[45,1],"tags":[108],"class_list":["post-16784","post","type-post","status-publish","format-standard","has-post-thumbnail","hentry","category-cidades","category-noticias","tag-belmonte"],"_links":{"self":[{"href":"https:\/\/www.maisbn.com\/portal\/wp-json\/wp\/v2\/posts\/16784","targetHints":{"allow":["GET"]}}],"collection":[{"href":"https:\/\/www.maisbn.com\/portal\/wp-json\/wp\/v2\/posts"}],"about":[{"href":"https:\/\/www.maisbn.com\/portal\/wp-json\/wp\/v2\/types\/post"}],"author":[{"embeddable":true,"href":"https:\/\/www.maisbn.com\/portal\/wp-json\/wp\/v2\/users\/7"}],"replies":[{"embeddable":true,"href":"https:\/\/www.maisbn.com\/portal\/wp-json\/wp\/v2\/comments?post=16784"}],"version-history":[{"count":4,"href":"https:\/\/www.maisbn.com\/portal\/wp-json\/wp\/v2\/posts\/16784\/revisions"}],"predecessor-version":[{"id":16795,"href":"https:\/\/www.maisbn.com\/portal\/wp-json\/wp\/v2\/posts\/16784\/revisions\/16795"}],"wp:featuredmedia":[{"embeddable":true,"href":"https:\/\/www.maisbn.com\/portal\/wp-json\/wp\/v2\/media\/16790"}],"wp:attachment":[{"href":"https:\/\/www.maisbn.com\/portal\/wp-json\/wp\/v2\/media?parent=16784"}],"wp:term":[{"taxonomy":"category","embeddable":true,"href":"https:\/\/www.maisbn.com\/portal\/wp-json\/wp\/v2\/categories?post=16784"},{"taxonomy":"post_tag","embeddable":true,"href":"https:\/\/www.maisbn.com\/portal\/wp-json\/wp\/v2\/tags?post=16784"}],"curies":[{"name":"wp","href":"https:\/\/api.w.org\/{rel}","templated":true}]}}