{"id":16769,"date":"2017-12-02T18:04:16","date_gmt":"2017-12-02T21:04:16","guid":{"rendered":"http:\/\/www.maisbn.com\/portal\/?p=16769"},"modified":"2017-12-02T18:04:16","modified_gmt":"2017-12-02T21:04:16","slug":"jovens-de-barrolandia-iniciam-curso-de-assistente-administrativo","status":"publish","type":"post","link":"https:\/\/www.maisbn.com\/portal\/2017\/12\/jovens-de-barrolandia-iniciam-curso-de-assistente-administrativo\/","title":{"rendered":"Jovens de Barrol\u00e2ndia iniciam curso de Assistente Administrativo."},"content":{"rendered":"<p><strong><em>O curso oferecido para jovens do ensino m\u00e9dio \u00e9 uma parceria entre a Veracel Celulose, prefeitura de Belmonte e Senac.<\/em><\/strong><\/p>\n<p>Com o objetivo de oferecer novas oportunidades para qualifica\u00e7\u00e3o e desenvolvimento profissional aos jovens da regi\u00e3o, a Veracel Celulose, em parceria com o Senac abriu uma nova turma do curso de Assistente Administrativo. Dessa vez, os contemplados s\u00e3o jovens do distrito de Barrol\u00e2ndia, no munic\u00edpio de Belmonte. Tamb\u00e9m foram abertas vagas para pessoas com defici\u00eancia, por\u00e9m n\u00e3o houve inscritos para esta turma.<\/p>\n<p><a href=\"http:\/\/www.maisbn.com\/portal\/wp-content\/uploads\/2017\/12\/curso_administraivo00001.jpg\"><img loading=\"lazy\" decoding=\"async\" class=\"aligncenter  wp-image-16770\" src=\"http:\/\/www.maisbn.com\/portal\/wp-content\/uploads\/2017\/12\/curso_administraivo00001.jpg\" alt=\"curso_administraivo00001\" width=\"600\" height=\"385\" \/><\/a><\/p>\n<p>Trinta jovens assistidos pelos servi\u00e7os de Assist\u00eancia Social, CRAS e CREAS do munic\u00edpio foram selecionados e a aula inaugural aconteceu no dia 27\/11. Para o secret\u00e1rio de Assist\u00eancia Social de Belmonte, Cl\u00e1udio Soares, essa parceria valoriza e fortalece a comunidade local. <strong><em>\u201cO curso abre caminho de desenvolvimento para os nossos jovens e para a nossa cidade, al\u00e9m de respeitar as diferen\u00e7as. S\u00e3o novas perspectivas paras esses jovens!\u201d<\/em><\/strong>, disse durante a cerim\u00f4nia da aula inaugural.<\/p>\n<p><a href=\"http:\/\/www.maisbn.com\/portal\/wp-content\/uploads\/2017\/12\/curso_administraivo00002.jpg\"><img loading=\"lazy\" decoding=\"async\" class=\"aligncenter  wp-image-16771\" src=\"http:\/\/www.maisbn.com\/portal\/wp-content\/uploads\/2017\/12\/curso_administraivo00002.jpg\" alt=\"curso_administraivo00002\" width=\"600\" height=\"385\" \/><\/a><\/p>\n<p><strong><em>\u201cEstes jovens est\u00e3o recebendo uma nova oportunidade de aprendizado. Isso ir\u00e1 contribuir \u00a0para o in\u00edcio da carreira profissional deles e sua inser\u00e7\u00e3o no mercado de trabalho\u201d<\/em><\/strong>, destacou a especialista em Responsabilidade Social da empresa, Izabel Bianchi. \u201cFoi uma grande alegria ter sido selecionada. Isso nos dar\u00e1 condi\u00e7\u00f5es para termos uma profiss\u00e3o melhor e mudar de vida\u201d, concordou a aluna Jeane Santos Vieira. O curso de Assistente Administrativo \u00e9 formado por 160 horas de aprendizado com aulas te\u00f3ricas e pr\u00e1ticas e foi organizado em tr\u00eas unidades: organiza\u00e7\u00e3o de documentos, elabora\u00e7\u00e3o de documentos e o projeto integrador, contemplando tamb\u00e9m atividades com aulas de inform\u00e1tica.<\/p>\n","protected":false},"excerpt":{"rendered":"<p>O curso oferecido para jovens do ensino m\u00e9dio \u00e9 uma parceria entre a Veracel Celulose, prefeitura de Belmonte e Senac. Com o objetivo de oferecer novas oportunidades para qualifica\u00e7\u00e3o e desenvolvimento profissional aos jovens da regi\u00e3o, a Veracel Celulose, em parceria com o Senac abriu uma nova turma do curso de Assistente Administrativo. Dessa vez, [&hellip;]<\/p>\n","protected":false},"author":7,"featured_media":16770,"comment_status":"open","ping_status":"open","sticky":false,"template":"","format":"standard","meta":{"footnotes":""},"categories":[8,1],"tags":[108],"class_list":["post-16769","post","type-post","status-publish","format-standard","has-post-thumbnail","hentry","category-educacao","category-noticias","tag-belmonte"],"_links":{"self":[{"href":"https:\/\/www.maisbn.com\/portal\/wp-json\/wp\/v2\/posts\/16769","targetHints":{"allow":["GET"]}}],"collection":[{"href":"https:\/\/www.maisbn.com\/portal\/wp-json\/wp\/v2\/posts"}],"about":[{"href":"https:\/\/www.maisbn.com\/portal\/wp-json\/wp\/v2\/types\/post"}],"author":[{"embeddable":true,"href":"https:\/\/www.maisbn.com\/portal\/wp-json\/wp\/v2\/users\/7"}],"replies":[{"embeddable":true,"href":"https:\/\/www.maisbn.com\/portal\/wp-json\/wp\/v2\/comments?post=16769"}],"version-history":[{"count":1,"href":"https:\/\/www.maisbn.com\/portal\/wp-json\/wp\/v2\/posts\/16769\/revisions"}],"predecessor-version":[{"id":16772,"href":"https:\/\/www.maisbn.com\/portal\/wp-json\/wp\/v2\/posts\/16769\/revisions\/16772"}],"wp:featuredmedia":[{"embeddable":true,"href":"https:\/\/www.maisbn.com\/portal\/wp-json\/wp\/v2\/media\/16770"}],"wp:attachment":[{"href":"https:\/\/www.maisbn.com\/portal\/wp-json\/wp\/v2\/media?parent=16769"}],"wp:term":[{"taxonomy":"category","embeddable":true,"href":"https:\/\/www.maisbn.com\/portal\/wp-json\/wp\/v2\/categories?post=16769"},{"taxonomy":"post_tag","embeddable":true,"href":"https:\/\/www.maisbn.com\/portal\/wp-json\/wp\/v2\/tags?post=16769"}],"curies":[{"name":"wp","href":"https:\/\/api.w.org\/{rel}","templated":true}]}}