{"id":16754,"date":"2017-12-02T08:07:29","date_gmt":"2017-12-02T11:07:29","guid":{"rendered":"http:\/\/www.maisbn.com\/portal\/?p=16754"},"modified":"2017-12-02T08:07:29","modified_gmt":"2017-12-02T11:07:29","slug":"representantes-belmontenses-participam-de-ato-pelos-precatorios-do-fundef-realizado-em-itabela","status":"publish","type":"post","link":"https:\/\/www.maisbn.com\/portal\/2017\/12\/representantes-belmontenses-participam-de-ato-pelos-precatorios-do-fundef-realizado-em-itabela\/","title":{"rendered":"Representantes belmontenses participam de ato pelos precat\u00f3rios do FUNDEF realizado em Itabela."},"content":{"rendered":"<p>Uma grande manifesta\u00e7\u00e3o foi realizada em Itabela com o objetivo de se chamar a aten\u00e7\u00e3o para a discuss\u00e3o da divis\u00e3o dos precat\u00f3rios do antigo FUNDEF (Fundo de Manuten\u00e7\u00e3o e Desenvolvimento do Ensino Fundamental e de Valoriza\u00e7\u00e3o do Magist\u00e9rio) nessa sexta-feira (29\/11). Mais de 400 pessoas, abrangendo educadores, vereadores e l\u00edderes sindicais regionais se fizeram presentes e lotaram as ruas da cidade. Belmonte foi representada pelo Vereador Rog\u00e9rio Bahia e pelo Sr. Rodrigo Martins que est\u00e1 licenciado da APLB-Belmonte, mas continua ativo na representatividade Sindical da regi\u00e3o. Tamb\u00e9m participaram do movimento o Sr. Igor Suzart, coordenador da APLB-Belmonte e o Sr. Emanuel Farias, diretor financeiro da entidade no munic\u00edpio.<\/p>\n<p><a href=\"http:\/\/www.maisbn.com\/portal\/wp-content\/uploads\/2017\/12\/1176.jpg\"><img loading=\"lazy\" decoding=\"async\" class=\"aligncenter  wp-image-16755\" src=\"http:\/\/www.maisbn.com\/portal\/wp-content\/uploads\/2017\/12\/1176.jpg\" alt=\"1(176)\" width=\"600\" height=\"360\" \/><\/a><\/p>\n<p>Os educadores exigem que sejam cumpridos os par\u00e2metros descritos na lei do pr\u00f3prio FUNDEF que diz que 60% desses recursos sejam divididos entre os trabalhadores da educa\u00e7\u00e3o. Em Itabela h\u00e1 uma desaven\u00e7a entre os professores e o Prefeito Luciano Francisqueto, j\u00e1 que, o gestor defende o livre uso do dinheiro atrav\u00e9s de uma desvincula\u00e7\u00e3o conseguida via liminar judicial. A APLB, atrav\u00e9s da sua assessoria jur\u00eddica, tamb\u00e9m entrou com uma a\u00e7\u00e3o buscando o bloqueio dos recursos temendo que os direitos dos professores n\u00e3o sejam respeitados pelo Prefeito de Itabela.<\/p>\n<p><a href=\"http:\/\/www.maisbn.com\/portal\/wp-content\/uploads\/2017\/12\/mosaico_movimentoitabela.jpg\"><img loading=\"lazy\" decoding=\"async\" class=\"aligncenter  wp-image-16756\" src=\"http:\/\/www.maisbn.com\/portal\/wp-content\/uploads\/2017\/12\/mosaico_movimentoitabela.jpg\" alt=\"mosaico_movimentoitabela\" width=\"600\" height=\"386\" \/><\/a><\/p>\n<p>Em Belmonte as discuss\u00f5es sobre o uso do precat\u00f3rio do FUNDEF tamb\u00e9m andam acaloradas e o tema j\u00e1 causou muita pol\u00eamica na vota\u00e7\u00e3o do Or\u00e7amento Anual de 2018 do munic\u00edpio. Na \u00e9poca, alguns professores chegaram a acusar os vereadores de dar carta branca ao Prefeito Janival Borges para o uso do dinheiro. O setor jur\u00eddico da APLB-Belmonte analisou a Lei Or\u00e7ament\u00e1ria do munic\u00edpio e divulgou em nota que n\u00e3o existiam dispositivos que davam esse poder irrestrito ao Prefeito Janival Borges.<\/p>\n<p>&nbsp;<\/p>\n","protected":false},"excerpt":{"rendered":"<p>Uma grande manifesta\u00e7\u00e3o foi realizada em Itabela com o objetivo de se chamar a aten\u00e7\u00e3o para a discuss\u00e3o da divis\u00e3o dos precat\u00f3rios do antigo FUNDEF (Fundo de Manuten\u00e7\u00e3o e Desenvolvimento do Ensino Fundamental e de Valoriza\u00e7\u00e3o do Magist\u00e9rio) nessa sexta-feira (29\/11). Mais de 400 pessoas, abrangendo educadores, vereadores e l\u00edderes sindicais regionais se fizeram presentes [&hellip;]<\/p>\n","protected":false},"author":7,"featured_media":16757,"comment_status":"open","ping_status":"open","sticky":false,"template":"","format":"standard","meta":{"footnotes":""},"categories":[8,1],"tags":[108],"class_list":["post-16754","post","type-post","status-publish","format-standard","has-post-thumbnail","hentry","category-educacao","category-noticias","tag-belmonte"],"_links":{"self":[{"href":"https:\/\/www.maisbn.com\/portal\/wp-json\/wp\/v2\/posts\/16754","targetHints":{"allow":["GET"]}}],"collection":[{"href":"https:\/\/www.maisbn.com\/portal\/wp-json\/wp\/v2\/posts"}],"about":[{"href":"https:\/\/www.maisbn.com\/portal\/wp-json\/wp\/v2\/types\/post"}],"author":[{"embeddable":true,"href":"https:\/\/www.maisbn.com\/portal\/wp-json\/wp\/v2\/users\/7"}],"replies":[{"embeddable":true,"href":"https:\/\/www.maisbn.com\/portal\/wp-json\/wp\/v2\/comments?post=16754"}],"version-history":[{"count":1,"href":"https:\/\/www.maisbn.com\/portal\/wp-json\/wp\/v2\/posts\/16754\/revisions"}],"predecessor-version":[{"id":16758,"href":"https:\/\/www.maisbn.com\/portal\/wp-json\/wp\/v2\/posts\/16754\/revisions\/16758"}],"wp:featuredmedia":[{"embeddable":true,"href":"https:\/\/www.maisbn.com\/portal\/wp-json\/wp\/v2\/media\/16757"}],"wp:attachment":[{"href":"https:\/\/www.maisbn.com\/portal\/wp-json\/wp\/v2\/media?parent=16754"}],"wp:term":[{"taxonomy":"category","embeddable":true,"href":"https:\/\/www.maisbn.com\/portal\/wp-json\/wp\/v2\/categories?post=16754"},{"taxonomy":"post_tag","embeddable":true,"href":"https:\/\/www.maisbn.com\/portal\/wp-json\/wp\/v2\/tags?post=16754"}],"curies":[{"name":"wp","href":"https:\/\/api.w.org\/{rel}","templated":true}]}}