{"id":16730,"date":"2017-11-29T17:52:55","date_gmt":"2017-11-29T20:52:55","guid":{"rendered":"http:\/\/www.maisbn.com\/portal\/?p=16730"},"modified":"2017-11-29T17:57:40","modified_gmt":"2017-11-29T20:57:40","slug":"cerimonia-marca-a-formatura-da-2a-turma-do-proerd-em-belmonte","status":"publish","type":"post","link":"https:\/\/www.maisbn.com\/portal\/2017\/11\/cerimonia-marca-a-formatura-da-2a-turma-do-proerd-em-belmonte\/","title":{"rendered":"Cerim\u00f4nia marca a formatura da 2\u00aa turma do PROERD em Belmonte."},"content":{"rendered":"<p>Na manh\u00e3 dessa ter\u00e7a-feira (28\/11), aconteceu em Belmonte a formatura da 2\u00aa turma do Programa Educacional de Resist\u00eancia \u00e0s Drogas (PROERD). A cerim\u00f4nia aconteceu na Escola Municipal Professor Edgard Santos e contou com as presen\u00e7as do Capit\u00e3o PM Barbosa, Subcomandante do 8\u00ba Batalh\u00e3o de Pol\u00edcia Militar, do Prefeito Janival Borges, do Sr. Paulo Carvalho, Secret\u00e1rio Municipal de Educa\u00e7\u00e3o, do Capit\u00e3o PM Uendel Bomfim, professores, alunos, pais e policiais respons\u00e1veis pelas atividades do programa.<\/p>\n<div id=\"attachment_16731\" style=\"width: 652px\" class=\"wp-caption aligncenter\"><a href=\"http:\/\/www.maisbn.com\/portal\/wp-content\/uploads\/2017\/11\/proerdII00029.jpg\"><img loading=\"lazy\" decoding=\"async\" aria-describedby=\"caption-attachment-16731\" class=\"size-full wp-image-16731\" src=\"http:\/\/www.maisbn.com\/portal\/wp-content\/uploads\/2017\/11\/proerdII00029.jpg\" alt=\"Imagem: Portal do Guaiamum\" width=\"642\" height=\"412\" \/><\/a><p id=\"caption-attachment-16731\" class=\"wp-caption-text\">Imagem: Portal do Guaiamum<\/p><\/div>\n<p>Em sua segunda edi\u00e7\u00e3o, o PROERD atendeu 128 alunos do 6\u00ba e 7\u00ba ano do Ensino Fundamental dos col\u00e9gios Professor Edgard Santos (Belmonte) e Antonio Carlos Magalh\u00e3es (Barrol\u00e2ndia). Foram realizados encontros semanais onde foram desenvolvidas atividades visando alertar os jovens para o perigo do mundo das drogas. Tamb\u00e9m foi passado para os alunos como resistir \u00e0s investidas do tr\u00e1fico de forma pac\u00edfica, bem como, efetuar a solu\u00e7\u00e3o de conflitos sem recorrer \u00e0 viol\u00eancia. Todos os conte\u00fados foram aplicados por uma equipe de policiais treinados que agiram em parceria com os professores na realiza\u00e7\u00e3o dos trabalhos.<\/p>\n<p><a href=\"http:\/\/www.maisbn.com\/portal\/wp-content\/uploads\/2017\/11\/mosaico_proerdII.jpg\"><img loading=\"lazy\" decoding=\"async\" class=\"aligncenter wp-image-16732\" src=\"http:\/\/www.maisbn.com\/portal\/wp-content\/uploads\/2017\/11\/mosaico_proerdII.jpg\" alt=\"mosaico_proerdII\" width=\"600\" height=\"191\" \/><\/a><\/p>\n<p>As diretoras das escolas, Rita Marla e Simone Borges, agradeceram e reconheceram a import\u00e2ncia do PROERD no processo de forma\u00e7\u00e3o cidad\u00e3 dos alunos. O Secret\u00e1rio Municipal de Educa\u00e7\u00e3o, Paulo Carvalho, tamb\u00e9m ressaltou a import\u00e2ncia do PROERD e elogiou os resultados obtidos atrav\u00e9s da parceria firmada entre a Pol\u00edcia Militar e a Prefeitura de Belmonte. Por sua vez, o Subcomandante do 8\u00ba BPM, Capit\u00e3o PM Barbosa, agradeceu ao Prefeito Janival Borges, professores, diretores e alunos pelo apoio ao programa, refor\u00e7ando que o objetivo do comando do 8\u00ba BPM \u00e9 investir cada vez mais na propaga\u00e7\u00e3o da ideia de preven\u00e7\u00e3o atrav\u00e9s da conscientiza\u00e7\u00e3o dos jovens.<\/p>\n<p><a href=\"http:\/\/www.maisbn.com\/portal\/wp-content\/uploads\/2017\/11\/mosaicoproerd2.jpg\"><img loading=\"lazy\" decoding=\"async\" class=\"aligncenter wp-image-16733\" src=\"http:\/\/www.maisbn.com\/portal\/wp-content\/uploads\/2017\/11\/mosaicoproerd2.jpg\" alt=\"mosaicoproerd2\" width=\"600\" height=\"386\" \/><\/a><\/p>\n<p>Durante a cerim\u00f4nia, foi realizada a entrega da premia\u00e7\u00e3o aos alunos que se destacaram nas atividades do programa, contemplado-os com bicicletas. O evento ainda contou com a participa\u00e7\u00e3o do Coral de Flautas formado pelas meninas atendidas pela Associa\u00e7\u00e3o Lar da Menina.<\/p>\n","protected":false},"excerpt":{"rendered":"<p>Na manh\u00e3 dessa ter\u00e7a-feira (28\/11), aconteceu em Belmonte a formatura da 2\u00aa turma do Programa Educacional de Resist\u00eancia \u00e0s Drogas (PROERD). A cerim\u00f4nia aconteceu na Escola Municipal Professor Edgard Santos e contou com as presen\u00e7as do Capit\u00e3o PM Barbosa, Subcomandante do 8\u00ba Batalh\u00e3o de Pol\u00edcia Militar, do Prefeito Janival Borges, do Sr. Paulo Carvalho, Secret\u00e1rio [&hellip;]<\/p>\n","protected":false},"author":7,"featured_media":16731,"comment_status":"open","ping_status":"open","sticky":false,"template":"","format":"standard","meta":{"footnotes":""},"categories":[8,1],"tags":[108],"class_list":["post-16730","post","type-post","status-publish","format-standard","has-post-thumbnail","hentry","category-educacao","category-noticias","tag-belmonte"],"_links":{"self":[{"href":"https:\/\/www.maisbn.com\/portal\/wp-json\/wp\/v2\/posts\/16730","targetHints":{"allow":["GET"]}}],"collection":[{"href":"https:\/\/www.maisbn.com\/portal\/wp-json\/wp\/v2\/posts"}],"about":[{"href":"https:\/\/www.maisbn.com\/portal\/wp-json\/wp\/v2\/types\/post"}],"author":[{"embeddable":true,"href":"https:\/\/www.maisbn.com\/portal\/wp-json\/wp\/v2\/users\/7"}],"replies":[{"embeddable":true,"href":"https:\/\/www.maisbn.com\/portal\/wp-json\/wp\/v2\/comments?post=16730"}],"version-history":[{"count":1,"href":"https:\/\/www.maisbn.com\/portal\/wp-json\/wp\/v2\/posts\/16730\/revisions"}],"predecessor-version":[{"id":16734,"href":"https:\/\/www.maisbn.com\/portal\/wp-json\/wp\/v2\/posts\/16730\/revisions\/16734"}],"wp:featuredmedia":[{"embeddable":true,"href":"https:\/\/www.maisbn.com\/portal\/wp-json\/wp\/v2\/media\/16731"}],"wp:attachment":[{"href":"https:\/\/www.maisbn.com\/portal\/wp-json\/wp\/v2\/media?parent=16730"}],"wp:term":[{"taxonomy":"category","embeddable":true,"href":"https:\/\/www.maisbn.com\/portal\/wp-json\/wp\/v2\/categories?post=16730"},{"taxonomy":"post_tag","embeddable":true,"href":"https:\/\/www.maisbn.com\/portal\/wp-json\/wp\/v2\/tags?post=16730"}],"curies":[{"name":"wp","href":"https:\/\/api.w.org\/{rel}","templated":true}]}}