{"id":16713,"date":"2017-11-23T23:52:03","date_gmt":"2017-11-24T02:52:03","guid":{"rendered":"http:\/\/www.maisbn.com\/portal\/?p=16713"},"modified":"2017-11-23T23:52:03","modified_gmt":"2017-11-24T02:52:03","slug":"belmonte-realiza-eleicoes-para-escolher-as-novas-diretorias-dos-colegios-municipais","status":"publish","type":"post","link":"https:\/\/www.maisbn.com\/portal\/2017\/11\/belmonte-realiza-eleicoes-para-escolher-as-novas-diretorias-dos-colegios-municipais\/","title":{"rendered":"Belmonte realiza elei\u00e7\u00f5es para escolher as novas diretorias dos col\u00e9gios municipais."},"content":{"rendered":"<p><a href=\"http:\/\/www.maisbn.com\/portal\/wp-content\/uploads\/2015\/10\/Votacao01.jpg\"><img loading=\"lazy\" decoding=\"async\" class=\"aligncenter  wp-image-9103\" src=\"http:\/\/www.maisbn.com\/portal\/wp-content\/uploads\/2015\/10\/Votacao01.jpg\" alt=\"Votacao01\" width=\"596\" height=\"595\" \/><\/a><\/p>\n<p>Nessa sexta-feira (24\/11) as escolas municipais de Belmonte, com exce\u00e7\u00e3o da Funda\u00e7\u00e3o Educacional Pedro Calmon, ir\u00e3o escolher os seus novos diretores. O per\u00edodo de vota\u00e7\u00e3o come\u00e7ar\u00e1 \u00e0s 08:00Hrs e se estender\u00e1 at\u00e9 \u00e0s 17:00Hrs. Estar\u00e3o aptos a votar alunos a partir dos 12 anos, pais, respons\u00e1veis, funcion\u00e1rios e diretores. Tamb\u00e9m ser\u00e1 exigido documento de identifica\u00e7\u00e3o com foto para acessar a cabine de vota\u00e7\u00e3o.<\/p>\n<p>Todas as unidades escolares tem chapas de candidatos que j\u00e1 est\u00e3o em campanha para conquistar o voto dos eleitores. O que est\u00e1 em jogo no pleito \u00e9 a proposta pedag\u00f3gica que ser\u00e1 empregada pela nova dire\u00e7\u00e3o e o estilo de gest\u00e3o onde se deve priorizar o melhor uso dos recursos dispon\u00edveis para otimizar os resultados educacionais. <strong><em>&#8220;Esse processo \u00e9 um momento muito importante porque reflete a democratiza\u00e7\u00e3o da educa\u00e7\u00e3o onde as comunidades est\u00e3o inseridas e participam diretamente dos rumos da unidade escolar. Todos devem participar e trabalhar junto com os novos gestores buscando sempre melhorias para o ensino e o melhor emprego dos recursos direcionados ao aprendizado dos alunos.&#8221;<\/em> <\/strong>-Comentou Rog\u00e9rio Bahia, Vereador e Diretor da APLB-Belmonte.<\/p>\n","protected":false},"excerpt":{"rendered":"<p>Nessa sexta-feira (24\/11) as escolas municipais de Belmonte, com exce\u00e7\u00e3o da Funda\u00e7\u00e3o Educacional Pedro Calmon, ir\u00e3o escolher os seus novos diretores. O per\u00edodo de vota\u00e7\u00e3o come\u00e7ar\u00e1 \u00e0s 08:00Hrs e se estender\u00e1 at\u00e9 \u00e0s 17:00Hrs. Estar\u00e3o aptos a votar alunos a partir dos 12 anos, pais, respons\u00e1veis, funcion\u00e1rios e diretores. Tamb\u00e9m ser\u00e1 exigido documento de identifica\u00e7\u00e3o [&hellip;]<\/p>\n","protected":false},"author":7,"featured_media":9103,"comment_status":"open","ping_status":"open","sticky":false,"template":"","format":"standard","meta":{"footnotes":""},"categories":[8,1],"tags":[108],"class_list":["post-16713","post","type-post","status-publish","format-standard","has-post-thumbnail","hentry","category-educacao","category-noticias","tag-belmonte"],"_links":{"self":[{"href":"https:\/\/www.maisbn.com\/portal\/wp-json\/wp\/v2\/posts\/16713","targetHints":{"allow":["GET"]}}],"collection":[{"href":"https:\/\/www.maisbn.com\/portal\/wp-json\/wp\/v2\/posts"}],"about":[{"href":"https:\/\/www.maisbn.com\/portal\/wp-json\/wp\/v2\/types\/post"}],"author":[{"embeddable":true,"href":"https:\/\/www.maisbn.com\/portal\/wp-json\/wp\/v2\/users\/7"}],"replies":[{"embeddable":true,"href":"https:\/\/www.maisbn.com\/portal\/wp-json\/wp\/v2\/comments?post=16713"}],"version-history":[{"count":2,"href":"https:\/\/www.maisbn.com\/portal\/wp-json\/wp\/v2\/posts\/16713\/revisions"}],"predecessor-version":[{"id":16715,"href":"https:\/\/www.maisbn.com\/portal\/wp-json\/wp\/v2\/posts\/16713\/revisions\/16715"}],"wp:featuredmedia":[{"embeddable":true,"href":"https:\/\/www.maisbn.com\/portal\/wp-json\/wp\/v2\/media\/9103"}],"wp:attachment":[{"href":"https:\/\/www.maisbn.com\/portal\/wp-json\/wp\/v2\/media?parent=16713"}],"wp:term":[{"taxonomy":"category","embeddable":true,"href":"https:\/\/www.maisbn.com\/portal\/wp-json\/wp\/v2\/categories?post=16713"},{"taxonomy":"post_tag","embeddable":true,"href":"https:\/\/www.maisbn.com\/portal\/wp-json\/wp\/v2\/tags?post=16713"}],"curies":[{"name":"wp","href":"https:\/\/api.w.org\/{rel}","templated":true}]}}