{"id":16695,"date":"2017-11-22T14:11:23","date_gmt":"2017-11-22T17:11:23","guid":{"rendered":"http:\/\/www.maisbn.com\/portal\/?p=16695"},"modified":"2017-11-22T14:11:23","modified_gmt":"2017-11-22T17:11:23","slug":"coordenador-geral-da-aplb-bahia-esclarece-polemica-da-votacao-do-orcamento-2018-em-belmonte","status":"publish","type":"post","link":"https:\/\/www.maisbn.com\/portal\/2017\/11\/coordenador-geral-da-aplb-bahia-esclarece-polemica-da-votacao-do-orcamento-2018-em-belmonte\/","title":{"rendered":"Coordenador Geral da APLB-Bahia esclarece pol\u00eamica da vota\u00e7\u00e3o do or\u00e7amento 2018 em Belmonte."},"content":{"rendered":"<p><a href=\"http:\/\/www.maisbn.com\/portal\/wp-content\/uploads\/2017\/11\/rui_oliveira_alba_gilbertoJr-bocaonews-1.jpg\"><img loading=\"lazy\" decoding=\"async\" class=\"aligncenter size-full wp-image-16696\" src=\"http:\/\/www.maisbn.com\/portal\/wp-content\/uploads\/2017\/11\/rui_oliveira_alba_gilbertoJr-bocaonews-1.jpg\" alt=\"rui_oliveira_alba_gilbertoJr-bocaonews (1)\" width=\"500\" height=\"331\" \/><\/a><\/p>\n<p>Na manh\u00e3 dessa quarta-feira (22\/11) o coordenador geral da APLB do Estado Bahia, Rui Oliveira, gravou um \u00e1udio tratando do seu posicionamento quanto \u00e0 vota\u00e7\u00e3o do Or\u00e7amento 2018 pela C\u00e2mara de Vereadores de Belmonte. O Coordenador comentou que a LOA-2018 em nenhum momento contempla os precat\u00f3rios origin\u00e1rios do FUNDEF, como est\u00e1 sendo veiculado por diversas pessoas da oposi\u00e7\u00e3o. Rui revelou que o Vereador Rog\u00e9rio Bahia, juntamente com o corpo jur\u00eddico da APLB, fez todas as an\u00e1lises do documento cab\u00edveis antes de se posicionar durante a vota\u00e7\u00e3o. <strong><em>&#8220;Eu afirmo que n\u00e3o abrimos m\u00e3o que 60% desse recurso seja usado no pagamento dos trabalhadores da educa\u00e7\u00e3o. N\u00e3o abrimos m\u00e3o do nosso direito. A luta continua.&#8221;<\/em><\/strong> &#8211; Comentou o Coordenador no \u00e1udio publicado na \u00edntegra logo abaixo.<\/p>\n<p><iframe loading=\"lazy\" src=\"https:\/\/www.youtube.com\/embed\/csoIDEC9mtg\" width=\"560\" height=\"315\" frameborder=\"0\" allowfullscreen=\"allowfullscreen\"><\/iframe><\/p>\n","protected":false},"excerpt":{"rendered":"<p>Na manh\u00e3 dessa quarta-feira (22\/11) o coordenador geral da APLB do Estado Bahia, Rui Oliveira, gravou um \u00e1udio tratando do seu posicionamento quanto \u00e0 vota\u00e7\u00e3o do Or\u00e7amento 2018 pela C\u00e2mara de Vereadores de Belmonte. O Coordenador comentou que a LOA-2018 em nenhum momento contempla os precat\u00f3rios origin\u00e1rios do FUNDEF, como est\u00e1 sendo veiculado por diversas [&hellip;]<\/p>\n","protected":false},"author":7,"featured_media":16696,"comment_status":"open","ping_status":"open","sticky":false,"template":"","format":"standard","meta":{"footnotes":""},"categories":[8,1],"tags":[108],"class_list":["post-16695","post","type-post","status-publish","format-standard","has-post-thumbnail","hentry","category-educacao","category-noticias","tag-belmonte"],"_links":{"self":[{"href":"https:\/\/www.maisbn.com\/portal\/wp-json\/wp\/v2\/posts\/16695","targetHints":{"allow":["GET"]}}],"collection":[{"href":"https:\/\/www.maisbn.com\/portal\/wp-json\/wp\/v2\/posts"}],"about":[{"href":"https:\/\/www.maisbn.com\/portal\/wp-json\/wp\/v2\/types\/post"}],"author":[{"embeddable":true,"href":"https:\/\/www.maisbn.com\/portal\/wp-json\/wp\/v2\/users\/7"}],"replies":[{"embeddable":true,"href":"https:\/\/www.maisbn.com\/portal\/wp-json\/wp\/v2\/comments?post=16695"}],"version-history":[{"count":1,"href":"https:\/\/www.maisbn.com\/portal\/wp-json\/wp\/v2\/posts\/16695\/revisions"}],"predecessor-version":[{"id":16697,"href":"https:\/\/www.maisbn.com\/portal\/wp-json\/wp\/v2\/posts\/16695\/revisions\/16697"}],"wp:featuredmedia":[{"embeddable":true,"href":"https:\/\/www.maisbn.com\/portal\/wp-json\/wp\/v2\/media\/16696"}],"wp:attachment":[{"href":"https:\/\/www.maisbn.com\/portal\/wp-json\/wp\/v2\/media?parent=16695"}],"wp:term":[{"taxonomy":"category","embeddable":true,"href":"https:\/\/www.maisbn.com\/portal\/wp-json\/wp\/v2\/categories?post=16695"},{"taxonomy":"post_tag","embeddable":true,"href":"https:\/\/www.maisbn.com\/portal\/wp-json\/wp\/v2\/tags?post=16695"}],"curies":[{"name":"wp","href":"https:\/\/api.w.org\/{rel}","templated":true}]}}