{"id":16691,"date":"2017-11-22T13:35:24","date_gmt":"2017-11-22T16:35:24","guid":{"rendered":"http:\/\/www.maisbn.com\/portal\/?p=16691"},"modified":"2017-11-22T13:35:24","modified_gmt":"2017-11-22T16:35:24","slug":"operacao-do-uber-em-porto-seguro-causa-apreensao-entre-os-taxistas-da-cidade","status":"publish","type":"post","link":"https:\/\/www.maisbn.com\/portal\/2017\/11\/operacao-do-uber-em-porto-seguro-causa-apreensao-entre-os-taxistas-da-cidade\/","title":{"rendered":"Opera\u00e7\u00e3o do UBER em Porto Seguro causa apreens\u00e3o entre os taxistas da cidade."},"content":{"rendered":"<p><a href=\"http:\/\/www.maisbn.com\/portal\/wp-content\/uploads\/2017\/11\/ubervstaxi.jpg\"><img loading=\"lazy\" decoding=\"async\" class=\"aligncenter  wp-image-16693\" src=\"http:\/\/www.maisbn.com\/portal\/wp-content\/uploads\/2017\/11\/ubervstaxi-1000x563.jpg\" alt=\"ubervstaxi\" width=\"601\" height=\"338\" srcset=\"https:\/\/www.maisbn.com\/portal\/wp-content\/uploads\/2017\/11\/ubervstaxi-1000x563.jpg 1000w, https:\/\/www.maisbn.com\/portal\/wp-content\/uploads\/2017\/11\/ubervstaxi.jpg 1280w\" sizes=\"auto, (max-width: 601px) 100vw, 601px\" \/><\/a><\/p>\n<p>O aplicativo de transporte UBER anunciou na manh\u00e3 dessa quarta-feira (22\/11) que come\u00e7ar\u00e1 a operar em Porto Seguro e mais 03 cidades da Bahia a partir de novembro. Apesar de ainda n\u00e3o ter chegado \u00e0 principal cidade da Costa do Descobrimento, o UBER j\u00e1 enfrenta um forte movimento contr\u00e1rio \u00e0 sua opera\u00e7\u00e3o. O lobby mais forte \u00e9 executado pelos taxistas que conseguiram at\u00e9 uma lei aprovada na C\u00e2mara de Vereadores inviabilizando a opera\u00e7\u00e3o do servi\u00e7o em Porto Seguro.<\/p>\n<p>Os taxistas temem que a opera\u00e7\u00e3o do UBER acabe inviabilizando os seus servi\u00e7os. Os profissionais reclamam que os t\u00e1xis pagam altas taxas e impostos que n\u00e3o s\u00e3o cobrados dos motoristas do aplicativo. Para o presidente da associa\u00e7\u00e3o de t\u00e1xi do aeroporto, vereador Robson Vinhas, o momento \u00e9 de cautela, <em><strong>\u201cNossos cooperados est\u00e3o apreensivos quanto a instala\u00e7\u00e3o do servi\u00e7o. O que temos pedido \u00e9 cautela, vamos esperar instalar para se posicionar. J\u00e1 temos quase 600 t\u00e1xis na cidade, agora v\u00e3o operar 1000 carros de Uber ?\u201d<\/strong><\/em>, disse Robson.<\/p>\n<p>Por outro lado, a popula\u00e7\u00e3o est\u00e1 comemorando a chegada do UBER. Os moradores de Porto Seguro reclamam dos servi\u00e7os de transporte existentes na cidade onde se espera at\u00e9 uma hora no ponto esperando um \u00f4nibus coletivo. Tamb\u00e9m h\u00e1 reclama\u00e7\u00f5es do servi\u00e7o de t\u00e1xi, considerado muito caro e de pouca qualidade. Diante de todas essas quest\u00f5es os moradores acabam recorrendo \u00e0s lota\u00e7\u00f5es ilegais para conseguirem chegar ao seus destinos com mais rapidez e menor custo.<\/p>\n<p>O Prefeito em exerc\u00edcio Beto Ax\u00e9 Moi ainda n\u00e3o se manifestou quando ao an\u00fancio do UBER, mas todos sabem que o gestor porto segurense ter\u00e1 que ter bastante habilidade para tomar decis\u00f5es que n\u00e3o prejudiquem o transporte p\u00fablico da cidade em detrimento de um grupo que anseia por monop\u00f3lio no servi\u00e7o.<\/p>\n<p>&nbsp;<\/p>\n","protected":false},"excerpt":{"rendered":"<p>O aplicativo de transporte UBER anunciou na manh\u00e3 dessa quarta-feira (22\/11) que come\u00e7ar\u00e1 a operar em Porto Seguro e mais 03 cidades da Bahia a partir de novembro. Apesar de ainda n\u00e3o ter chegado \u00e0 principal cidade da Costa do Descobrimento, o UBER j\u00e1 enfrenta um forte movimento contr\u00e1rio \u00e0 sua opera\u00e7\u00e3o. O lobby mais [&hellip;]<\/p>\n","protected":false},"author":7,"featured_media":16693,"comment_status":"open","ping_status":"open","sticky":false,"template":"","format":"standard","meta":{"footnotes":""},"categories":[45,1],"tags":[108],"class_list":["post-16691","post","type-post","status-publish","format-standard","has-post-thumbnail","hentry","category-cidades","category-noticias","tag-belmonte"],"_links":{"self":[{"href":"https:\/\/www.maisbn.com\/portal\/wp-json\/wp\/v2\/posts\/16691","targetHints":{"allow":["GET"]}}],"collection":[{"href":"https:\/\/www.maisbn.com\/portal\/wp-json\/wp\/v2\/posts"}],"about":[{"href":"https:\/\/www.maisbn.com\/portal\/wp-json\/wp\/v2\/types\/post"}],"author":[{"embeddable":true,"href":"https:\/\/www.maisbn.com\/portal\/wp-json\/wp\/v2\/users\/7"}],"replies":[{"embeddable":true,"href":"https:\/\/www.maisbn.com\/portal\/wp-json\/wp\/v2\/comments?post=16691"}],"version-history":[{"count":2,"href":"https:\/\/www.maisbn.com\/portal\/wp-json\/wp\/v2\/posts\/16691\/revisions"}],"predecessor-version":[{"id":16694,"href":"https:\/\/www.maisbn.com\/portal\/wp-json\/wp\/v2\/posts\/16691\/revisions\/16694"}],"wp:featuredmedia":[{"embeddable":true,"href":"https:\/\/www.maisbn.com\/portal\/wp-json\/wp\/v2\/media\/16693"}],"wp:attachment":[{"href":"https:\/\/www.maisbn.com\/portal\/wp-json\/wp\/v2\/media?parent=16691"}],"wp:term":[{"taxonomy":"category","embeddable":true,"href":"https:\/\/www.maisbn.com\/portal\/wp-json\/wp\/v2\/categories?post=16691"},{"taxonomy":"post_tag","embeddable":true,"href":"https:\/\/www.maisbn.com\/portal\/wp-json\/wp\/v2\/tags?post=16691"}],"curies":[{"name":"wp","href":"https:\/\/api.w.org\/{rel}","templated":true}]}}