{"id":16680,"date":"2017-11-21T09:30:30","date_gmt":"2017-11-21T12:30:30","guid":{"rendered":"http:\/\/www.maisbn.com\/portal\/?p=16680"},"modified":"2017-11-21T09:30:30","modified_gmt":"2017-11-21T12:30:30","slug":"policia-militar-prende-acusado-de-matar-agricultor-em-belmonte","status":"publish","type":"post","link":"https:\/\/www.maisbn.com\/portal\/2017\/11\/policia-militar-prende-acusado-de-matar-agricultor-em-belmonte\/","title":{"rendered":"Pol\u00edcia Militar prende acusado de matar agricultor em Belmonte."},"content":{"rendered":"<div id=\"attachment_13268\" style=\"width: 490px\" class=\"wp-caption aligncenter\"><a href=\"http:\/\/www.maisbn.com\/portal\/wp-content\/uploads\/2016\/12\/agricultormorto.jpg\"><img loading=\"lazy\" decoding=\"async\" aria-describedby=\"caption-attachment-13268\" class=\"size-full wp-image-13268\" src=\"http:\/\/www.maisbn.com\/portal\/wp-content\/uploads\/2016\/12\/agricultormorto.jpg\" alt=\"Id\u00e1lio Campos dos Santos. Agricultor morto por bandidos em Dezembro.\" width=\"480\" height=\"280\" \/><\/a><p id=\"caption-attachment-13268\" class=\"wp-caption-text\">Id\u00e1lio Campos dos Santos. Agricultor morto por bandidos em Dezembro.<\/p><\/div>\n<p>&nbsp;<\/p>\n<p>Por volta das 16:00Hrs do dia 19\/11, uma guarni\u00e7\u00e3o do 8\u00ba Batalh\u00e3o de Pol\u00edcia Militar-Santa Cruz Cabr\u00e1lia em rondas no Bairro Campinho desconfiou da atitude suspeita de um indiv\u00edduo. Os policiais, diante do fato, procederam a abordagem e constataram que se tratava de Matheus Concei\u00e7\u00e3o de Jesus (18 anos) e que constava um mandado de pris\u00e3o em aberto contra ele.<\/p>\n<p>Matheus \u00e9 acusado de participar do assassinato do agricultor Id\u00e1lio Campos dos Santos ocorrido em dezembro do ano passado quando ele e mais dois comparsas encapuzados invadiram a Fazenda Campos Niter\u00f3i, de propriedade do agricultor, e mataram a tiros o mesmo. No momento da a\u00e7\u00e3o, Id\u00e1lio estava com a sua esposa que conseguiu fugir pela porta dos fundos e se esconder em uma vegeta\u00e7\u00e3o pr\u00f3xima.<\/p>\n<p>Matheus chegou a ser preso em uma opera\u00e7\u00e3o realizada por homens do 8\u00ba Batalh\u00e3o de Pol\u00edcia Militar-Belmonte em janeiro desse ano, prestou esclarecimentos e informa\u00e7\u00f5es sobre o homic\u00eddio e depois foi liberado pela justi\u00e7a pelo fato de, na \u00e9poca, ser menor de idade. Depois de sair da Delegacia Territorial de Belmonte Matheus deixou a cidade e tomou destino ignorado.<\/p>\n<p>A justi\u00e7a ent\u00e3o decretou a Pris\u00e3o Preventiva de Matheus e, desde ent\u00e3o, o mesmo se encontrava foragido da justi\u00e7a. As \u00faltimas informa\u00e7\u00f5es que temos \u00e9 que o acusado j\u00e1 foi transferido para a Delegacia Territorial de Belmonte onde encontra-se custodiado temporariamente.<\/p>\n<p><em><strong>Fonte. Ascom. 8\u00b0BPM.<\/strong><\/em><\/p>\n","protected":false},"excerpt":{"rendered":"<p>&nbsp; Por volta das 16:00Hrs do dia 19\/11, uma guarni\u00e7\u00e3o do 8\u00ba Batalh\u00e3o de Pol\u00edcia Militar-Santa Cruz Cabr\u00e1lia em rondas no Bairro Campinho desconfiou da atitude suspeita de um indiv\u00edduo. Os policiais, diante do fato, procederam a abordagem e constataram que se tratava de Matheus Concei\u00e7\u00e3o de Jesus (18 anos) e que constava um mandado [&hellip;]<\/p>\n","protected":false},"author":7,"featured_media":13268,"comment_status":"open","ping_status":"open","sticky":false,"template":"","format":"standard","meta":{"footnotes":""},"categories":[1,16],"tags":[108],"class_list":["post-16680","post","type-post","status-publish","format-standard","has-post-thumbnail","hentry","category-noticias","category-policial","tag-belmonte"],"_links":{"self":[{"href":"https:\/\/www.maisbn.com\/portal\/wp-json\/wp\/v2\/posts\/16680","targetHints":{"allow":["GET"]}}],"collection":[{"href":"https:\/\/www.maisbn.com\/portal\/wp-json\/wp\/v2\/posts"}],"about":[{"href":"https:\/\/www.maisbn.com\/portal\/wp-json\/wp\/v2\/types\/post"}],"author":[{"embeddable":true,"href":"https:\/\/www.maisbn.com\/portal\/wp-json\/wp\/v2\/users\/7"}],"replies":[{"embeddable":true,"href":"https:\/\/www.maisbn.com\/portal\/wp-json\/wp\/v2\/comments?post=16680"}],"version-history":[{"count":1,"href":"https:\/\/www.maisbn.com\/portal\/wp-json\/wp\/v2\/posts\/16680\/revisions"}],"predecessor-version":[{"id":16681,"href":"https:\/\/www.maisbn.com\/portal\/wp-json\/wp\/v2\/posts\/16680\/revisions\/16681"}],"wp:featuredmedia":[{"embeddable":true,"href":"https:\/\/www.maisbn.com\/portal\/wp-json\/wp\/v2\/media\/13268"}],"wp:attachment":[{"href":"https:\/\/www.maisbn.com\/portal\/wp-json\/wp\/v2\/media?parent=16680"}],"wp:term":[{"taxonomy":"category","embeddable":true,"href":"https:\/\/www.maisbn.com\/portal\/wp-json\/wp\/v2\/categories?post=16680"},{"taxonomy":"post_tag","embeddable":true,"href":"https:\/\/www.maisbn.com\/portal\/wp-json\/wp\/v2\/tags?post=16680"}],"curies":[{"name":"wp","href":"https:\/\/api.w.org\/{rel}","templated":true}]}}