{"id":16659,"date":"2017-11-16T12:26:14","date_gmt":"2017-11-16T15:26:14","guid":{"rendered":"http:\/\/www.maisbn.com\/portal\/?p=16659"},"modified":"2017-11-16T12:26:14","modified_gmt":"2017-11-16T15:26:14","slug":"saude-movel-atendimentos-nos-bairros-vista-alegre-e-belo-campo-sao-adiados","status":"publish","type":"post","link":"https:\/\/www.maisbn.com\/portal\/2017\/11\/saude-movel-atendimentos-nos-bairros-vista-alegre-e-belo-campo-sao-adiados\/","title":{"rendered":"Sa\u00fade M\u00f3vel: Atendimentos nos Bairros Vista Alegre e Belo Campo s\u00e3o adiados."},"content":{"rendered":"<p><a href=\"http:\/\/www.maisbn.com\/portal\/wp-content\/uploads\/2017\/11\/atendimento-plano-sa\u00fade.jpg\"><img loading=\"lazy\" decoding=\"async\" class=\"aligncenter size-full wp-image-16653\" src=\"http:\/\/www.maisbn.com\/portal\/wp-content\/uploads\/2017\/11\/atendimento-plano-sa\u00fade.jpg\" alt=\"atendimento-plano-sa\u00fade\" width=\"570\" height=\"378\" \/><\/a><\/p>\n<h1 style=\"text-align: center;\">COMUNICADO<\/h1>\n<p>A organiza\u00e7\u00e3o do Projeto Sa\u00fade M\u00f3vel informa que os atendimentos que seriam realizados nos Bairros Vista Alegre e Belo Campo foram adiados por motivo de for\u00e7a maior. A dire\u00e7\u00e3o do Projeto, pede desculpas \u00e0 popula\u00e7\u00e3o e informa que outra data ser\u00e1 marcada posteriormente para a realiza\u00e7\u00e3o dos trabalhos na localidade.<\/p>\n","protected":false},"excerpt":{"rendered":"<p>COMUNICADO A organiza\u00e7\u00e3o do Projeto Sa\u00fade M\u00f3vel informa que os atendimentos que seriam realizados nos Bairros Vista Alegre e Belo Campo foram adiados por motivo de for\u00e7a maior. A dire\u00e7\u00e3o do Projeto, pede desculpas \u00e0 popula\u00e7\u00e3o e informa que outra data ser\u00e1 marcada posteriormente para a realiza\u00e7\u00e3o dos trabalhos na localidade.<\/p>\n","protected":false},"author":7,"featured_media":16653,"comment_status":"open","ping_status":"open","sticky":false,"template":"","format":"standard","meta":{"footnotes":""},"categories":[1,16],"tags":[108],"class_list":["post-16659","post","type-post","status-publish","format-standard","has-post-thumbnail","hentry","category-noticias","category-policial","tag-belmonte"],"_links":{"self":[{"href":"https:\/\/www.maisbn.com\/portal\/wp-json\/wp\/v2\/posts\/16659","targetHints":{"allow":["GET"]}}],"collection":[{"href":"https:\/\/www.maisbn.com\/portal\/wp-json\/wp\/v2\/posts"}],"about":[{"href":"https:\/\/www.maisbn.com\/portal\/wp-json\/wp\/v2\/types\/post"}],"author":[{"embeddable":true,"href":"https:\/\/www.maisbn.com\/portal\/wp-json\/wp\/v2\/users\/7"}],"replies":[{"embeddable":true,"href":"https:\/\/www.maisbn.com\/portal\/wp-json\/wp\/v2\/comments?post=16659"}],"version-history":[{"count":1,"href":"https:\/\/www.maisbn.com\/portal\/wp-json\/wp\/v2\/posts\/16659\/revisions"}],"predecessor-version":[{"id":16660,"href":"https:\/\/www.maisbn.com\/portal\/wp-json\/wp\/v2\/posts\/16659\/revisions\/16660"}],"wp:featuredmedia":[{"embeddable":true,"href":"https:\/\/www.maisbn.com\/portal\/wp-json\/wp\/v2\/media\/16653"}],"wp:attachment":[{"href":"https:\/\/www.maisbn.com\/portal\/wp-json\/wp\/v2\/media?parent=16659"}],"wp:term":[{"taxonomy":"category","embeddable":true,"href":"https:\/\/www.maisbn.com\/portal\/wp-json\/wp\/v2\/categories?post=16659"},{"taxonomy":"post_tag","embeddable":true,"href":"https:\/\/www.maisbn.com\/portal\/wp-json\/wp\/v2\/tags?post=16659"}],"curies":[{"name":"wp","href":"https:\/\/api.w.org\/{rel}","templated":true}]}}