{"id":16620,"date":"2017-11-09T23:33:29","date_gmt":"2017-11-10T02:33:29","guid":{"rendered":"http:\/\/www.maisbn.com\/portal\/?p=16620"},"modified":"2017-11-09T23:33:29","modified_gmt":"2017-11-10T02:33:29","slug":"vereador-alfredo-se-emociona-ao-receber-o-titulo-de-cidadao-belmontense","status":"publish","type":"post","link":"https:\/\/www.maisbn.com\/portal\/2017\/11\/vereador-alfredo-se-emociona-ao-receber-o-titulo-de-cidadao-belmontense\/","title":{"rendered":"Vereador Alfredo se emociona ao receber o T\u00edtulo de Cidad\u00e3o Belmontense."},"content":{"rendered":"<div id=\"attachment_13890\" style=\"width: 610px\" class=\"wp-caption aligncenter\"><a href=\"http:\/\/www.maisbn.com\/portal\/wp-content\/uploads\/2017\/02\/vereador_alfredo001.jpg\"><img loading=\"lazy\" decoding=\"async\" aria-describedby=\"caption-attachment-13890\" class=\" wp-image-13890\" src=\"http:\/\/www.maisbn.com\/portal\/wp-content\/uploads\/2017\/02\/vereador_alfredo001.jpg\" alt=\"Vereador Alfredo Aberceb.\" width=\"600\" height=\"380\" \/><\/a><p id=\"caption-attachment-13890\" class=\"wp-caption-text\">Vereador Alfredo Aberceb.<\/p><\/div>\n<p>Na \u00faltima segunda-feira (06\/11) o vereador e Vice-presidente da C\u00e2mara, Alfredo Aberceb, foi presenteado com o Titulo de Cidad\u00e3o Belmontense. A homenagem \u00e9 concedida pela C\u00e2mara de Vereadores a pessoas que n\u00e3o nasceram na cidade, mas escolheram Belmonte para morar e se destacaram em a\u00e7\u00f5es de bem estar da comunidade. Alfredo Aberceb \u00e9 natural de Salvador e conheceu a cidade quando veio a Porto Seguro visitar uma prima. O edil comentou que de cara se apaixonou por Belmonte e pouco tempo depois veio de mudan\u00e7a e nunca mais voltou.<\/p>\n<p><a href=\"http:\/\/www.maisbn.com\/portal\/wp-content\/uploads\/2017\/11\/alfredo_titulo00001.jpg\"><img loading=\"lazy\" decoding=\"async\" class=\"aligncenter size-full wp-image-16621\" src=\"http:\/\/www.maisbn.com\/portal\/wp-content\/uploads\/2017\/11\/alfredo_titulo00001.jpg\" alt=\"alfredo_titulo00001\" width=\"642\" height=\"412\" \/><\/a><\/p>\n<p>Alfredo \u00e9 Policial Civil, foi chefe do Setor de Investiga\u00e7\u00e3o da Delegacia de Belmonte e hoje \u00e9 vereador. O mesmo se destacou pelos trabalhos sociais realizados no Bairro S\u00e3o Benedito e hoje \u00e9 conhecido como um dos vereadores mais ativos na busca por melhorias para todos os belmontenses. <strong><em>&#8220;Eu n\u00e3o nasci aqui, mas fui adotado por essa terra e por esse povo maravilhoso. Eu agrade\u00e7o pela homenagem \u00e0 minha pessoa e prometo que continuarei lutando junto a meus colegas para tornar Belmonte um lugar melhor para todos.&#8221; &#8211;<\/em><\/strong> Comentou Alfredo Aberceb, visivelmente emocionado.<\/p>\n","protected":false},"excerpt":{"rendered":"<p>Na \u00faltima segunda-feira (06\/11) o vereador e Vice-presidente da C\u00e2mara, Alfredo Aberceb, foi presenteado com o Titulo de Cidad\u00e3o Belmontense. A homenagem \u00e9 concedida pela C\u00e2mara de Vereadores a pessoas que n\u00e3o nasceram na cidade, mas escolheram Belmonte para morar e se destacaram em a\u00e7\u00f5es de bem estar da comunidade. Alfredo Aberceb \u00e9 natural de [&hellip;]<\/p>\n","protected":false},"author":7,"featured_media":13890,"comment_status":"open","ping_status":"open","sticky":false,"template":"","format":"standard","meta":{"footnotes":""},"categories":[45,1],"tags":[108],"class_list":["post-16620","post","type-post","status-publish","format-standard","has-post-thumbnail","hentry","category-cidades","category-noticias","tag-belmonte"],"_links":{"self":[{"href":"https:\/\/www.maisbn.com\/portal\/wp-json\/wp\/v2\/posts\/16620","targetHints":{"allow":["GET"]}}],"collection":[{"href":"https:\/\/www.maisbn.com\/portal\/wp-json\/wp\/v2\/posts"}],"about":[{"href":"https:\/\/www.maisbn.com\/portal\/wp-json\/wp\/v2\/types\/post"}],"author":[{"embeddable":true,"href":"https:\/\/www.maisbn.com\/portal\/wp-json\/wp\/v2\/users\/7"}],"replies":[{"embeddable":true,"href":"https:\/\/www.maisbn.com\/portal\/wp-json\/wp\/v2\/comments?post=16620"}],"version-history":[{"count":1,"href":"https:\/\/www.maisbn.com\/portal\/wp-json\/wp\/v2\/posts\/16620\/revisions"}],"predecessor-version":[{"id":16622,"href":"https:\/\/www.maisbn.com\/portal\/wp-json\/wp\/v2\/posts\/16620\/revisions\/16622"}],"wp:featuredmedia":[{"embeddable":true,"href":"https:\/\/www.maisbn.com\/portal\/wp-json\/wp\/v2\/media\/13890"}],"wp:attachment":[{"href":"https:\/\/www.maisbn.com\/portal\/wp-json\/wp\/v2\/media?parent=16620"}],"wp:term":[{"taxonomy":"category","embeddable":true,"href":"https:\/\/www.maisbn.com\/portal\/wp-json\/wp\/v2\/categories?post=16620"},{"taxonomy":"post_tag","embeddable":true,"href":"https:\/\/www.maisbn.com\/portal\/wp-json\/wp\/v2\/tags?post=16620"}],"curies":[{"name":"wp","href":"https:\/\/api.w.org\/{rel}","templated":true}]}}