{"id":16617,"date":"2017-11-09T23:08:31","date_gmt":"2017-11-10T02:08:31","guid":{"rendered":"http:\/\/www.maisbn.com\/portal\/?p=16617"},"modified":"2017-11-09T23:08:31","modified_gmt":"2017-11-10T02:08:31","slug":"jovens-aprendizes-concluem-formacao-e-qualificacao-profissional-na-veracel-celulose","status":"publish","type":"post","link":"https:\/\/www.maisbn.com\/portal\/2017\/11\/jovens-aprendizes-concluem-formacao-e-qualificacao-profissional-na-veracel-celulose\/","title":{"rendered":"Jovens aprendizes concluem forma\u00e7\u00e3o e qualifica\u00e7\u00e3o profissional na Veracel Celulose."},"content":{"rendered":"<p><a href=\"http:\/\/www.maisbn.com\/portal\/wp-content\/uploads\/2017\/11\/TURMA-JOVEM-APRENDIZ-2017-1-e1510279577367.jpg\"><img loading=\"lazy\" decoding=\"async\" class=\"aligncenter  wp-image-16618\" src=\"http:\/\/www.maisbn.com\/portal\/wp-content\/uploads\/2017\/11\/TURMA-JOVEM-APRENDIZ-2017-1-1000x664.jpg\" alt=\"TURMA JOVEM APRENDIZ 2017 1\" width=\"601\" height=\"399\" \/><\/a><\/p>\n<p><strong><em>Os participantes foram selecionados entre mais de 800 candidatos para o aprendizado em rotinas administrativas industriais na empresa.<\/em><\/strong><\/p>\n<p>No dia 01\/11, aconteceu no audit\u00f3rio da f\u00e1brica da Veracel a cerim\u00f4nia de encerramento da turma de Jovem Aprendiz 2017. O evento contou com a participa\u00e7\u00e3o dos 18 alunos do curso e representantes da empresa. Os jovens, maioria de Eun\u00e1polis e Porto Seguro, foram selecionados entre mais de 800 candidatos \u00e0s vagas e conclu\u00edram a forma\u00e7\u00e3o no final do m\u00eas de outubro. O Programa Jovem Aprendiz \u00e9 uma parceria entre Veracel Celulose e o Servi\u00e7o Nacional de Aprendizagem Industrial (SENAI).<\/p>\n<p>Durante 15 meses, os participantes desta turma receberam aulas te\u00f3ricas e desenvolveram atividades pr\u00e1ticas do curso de Rotinas Administrativas Industriais em diferentes \u00e1reas da empresa. \u201cEssa experi\u00eancia contribuiu com a forma\u00e7\u00e3o desses jovens e ir\u00e1 ajudar na escolha da sua carreira profissional\u201d, destacou o gerente de Desenvolvimento Humano e Organizacional da Veracel.<\/p>\n<p>Para Vida de Oliveira Silva, de 17 anos, al\u00e9m das rotinas administrativas, essa experi\u00eancia proporcionou conhecimentos sobre sustentabilidade, certifica\u00e7\u00f5es de processos florestais, meio ambiente e muitos outros. \u201cAqui, eu aprendi com quem sabe fazer com excel\u00eancia. Na minha carreira profissional vou poder dizer: \u2018isso eu aprendi na Veracel\u2019 e isso \u00e9 muito gratificante para mim\u201d, enfatizou a jovem.<\/p>\n<p><strong>Novas oportunidades para novos jovens<\/strong> \u2013 A turma de Jovens Aprendizes da Veracel 2018 j\u00e1 est\u00e1 selecionada. Desta vez, 30 jovens ser\u00e3o qualificados no curso de Auxiliar de Fabrica\u00e7\u00e3o de Fibra Celul\u00f3sica em, aproximadamente, 700 horas de aulas te\u00f3ricas e 700 horas de aulas pr\u00e1ticas na pr\u00f3pria f\u00e1brica da Veracel.<\/p>\n<p><strong>Sobre o Programa Jovem Aprendiz<\/strong><\/p>\n<p>A Veracel Celulose, em parceria com o SENAI, vem criando oportunidades de qualifica\u00e7\u00e3o para os jovens dos munic\u00edpios da \u00e1rea de atua\u00e7\u00e3o da empresa. Um dos frutos dessa parceria \u00e9 a constru\u00e7\u00e3o da nova sede do SENAI que ser\u00e1 conclu\u00edda at\u00e9 o final do ano.\u00a0 O pr\u00e9dio ter\u00e1 cinco salas de aulas, oficinas, espa\u00e7o para leitura, laborat\u00f3rios e tamb\u00e9m poder\u00e1 ser utilizado para feiras tecnol\u00f3gicas. Para mais informa\u00e7\u00f5es acesse <a href=\"http:\/\/www.veracel.com.br\" data-saferedirecturl=\"https:\/\/www.google.com\/url?hl=pt-BR&amp;q=http:\/\/www.veracel.com.br&amp;source=gmail&amp;ust=1510365727778000&amp;usg=AFQjCNHNbkJrk8ulEuIQ-kHkPp1kAj7wXA\">www.veracel.com.br<\/a>.<\/p>\n","protected":false},"excerpt":{"rendered":"<p>Os participantes foram selecionados entre mais de 800 candidatos para o aprendizado em rotinas administrativas industriais na empresa. No dia 01\/11, aconteceu no audit\u00f3rio da f\u00e1brica da Veracel a cerim\u00f4nia de encerramento da turma de Jovem Aprendiz 2017. O evento contou com a participa\u00e7\u00e3o dos 18 alunos do curso e representantes da empresa. Os jovens, [&hellip;]<\/p>\n","protected":false},"author":7,"featured_media":16618,"comment_status":"open","ping_status":"open","sticky":false,"template":"","format":"standard","meta":{"footnotes":""},"categories":[9,1],"tags":[108],"class_list":["post-16617","post","type-post","status-publish","format-standard","has-post-thumbnail","hentry","category-concursos-oportunidades","category-noticias","tag-belmonte"],"_links":{"self":[{"href":"https:\/\/www.maisbn.com\/portal\/wp-json\/wp\/v2\/posts\/16617","targetHints":{"allow":["GET"]}}],"collection":[{"href":"https:\/\/www.maisbn.com\/portal\/wp-json\/wp\/v2\/posts"}],"about":[{"href":"https:\/\/www.maisbn.com\/portal\/wp-json\/wp\/v2\/types\/post"}],"author":[{"embeddable":true,"href":"https:\/\/www.maisbn.com\/portal\/wp-json\/wp\/v2\/users\/7"}],"replies":[{"embeddable":true,"href":"https:\/\/www.maisbn.com\/portal\/wp-json\/wp\/v2\/comments?post=16617"}],"version-history":[{"count":1,"href":"https:\/\/www.maisbn.com\/portal\/wp-json\/wp\/v2\/posts\/16617\/revisions"}],"predecessor-version":[{"id":16619,"href":"https:\/\/www.maisbn.com\/portal\/wp-json\/wp\/v2\/posts\/16617\/revisions\/16619"}],"wp:featuredmedia":[{"embeddable":true,"href":"https:\/\/www.maisbn.com\/portal\/wp-json\/wp\/v2\/media\/16618"}],"wp:attachment":[{"href":"https:\/\/www.maisbn.com\/portal\/wp-json\/wp\/v2\/media?parent=16617"}],"wp:term":[{"taxonomy":"category","embeddable":true,"href":"https:\/\/www.maisbn.com\/portal\/wp-json\/wp\/v2\/categories?post=16617"},{"taxonomy":"post_tag","embeddable":true,"href":"https:\/\/www.maisbn.com\/portal\/wp-json\/wp\/v2\/tags?post=16617"}],"curies":[{"name":"wp","href":"https:\/\/api.w.org\/{rel}","templated":true}]}}