{"id":16576,"date":"2017-11-08T00:44:59","date_gmt":"2017-11-08T03:44:59","guid":{"rendered":"http:\/\/www.maisbn.com\/portal\/?p=16576"},"modified":"2017-11-08T00:46:54","modified_gmt":"2017-11-08T03:46:54","slug":"chefe-do-trafico-em-barrolandia-tomba-em-confronto-com-a-pm-de-minas-gerais","status":"publish","type":"post","link":"https:\/\/www.maisbn.com\/portal\/2017\/11\/chefe-do-trafico-em-barrolandia-tomba-em-confronto-com-a-pm-de-minas-gerais\/","title":{"rendered":"Chefe do tr\u00e1fico em Barrol\u00e2ndia tomba em confronto com a PM de Minas Gerais."},"content":{"rendered":"<p>Um dos l\u00edderes do tr\u00e1fico drogas em Barrol\u00e2ndia tombou em combate com a Pol\u00edcia Militar de Minas Gerais nessa ter\u00e7a-feira (07\/11). Brauw, como era conhecido na localidade, estava acompanhado pelos comparsas Bachel, Diego e Leo, que tamb\u00e9m foram mortos na troca de tiros com os policiais.<\/p>\n<p><a href=\"http:\/\/www.maisbn.com\/portal\/wp-content\/uploads\/2017\/11\/confronto_minas00004.jpg\"><img loading=\"lazy\" decoding=\"async\" class=\"aligncenter wp-image-16577\" src=\"http:\/\/www.maisbn.com\/portal\/wp-content\/uploads\/2017\/11\/confronto_minas00004.jpg\" alt=\"confronto_minas00004\" width=\"600\" height=\"385\" \/><\/a><\/p>\n<p>Os meliantes estavam escondidos em uma mata desde o domingo (05\/11) ap\u00f3s serem interceptados e trocarem tiros com os homens da pol\u00edcia mineira. Mesmo com a fuga dos mesmos, a persegui\u00e7\u00e3o continuou por meio de um bloqueio na regi\u00e3o onde um ve\u00edculo preto passou em alta velocidade pelos policiais na altura do munic\u00edpio de Rubim. As guarni\u00e7\u00f5es seguiram o ve\u00edculo e foram recebidos a tiros de metralhadoras e fuzis. Apesar do intenso confronto os bandidos conseguiram escapar novamente.<\/p>\n<div id=\"attachment_16578\" style=\"width: 610px\" class=\"wp-caption aligncenter\"><a href=\"http:\/\/www.maisbn.com\/portal\/wp-content\/uploads\/2017\/11\/confronto_minas00001.jpg\"><img loading=\"lazy\" decoding=\"async\" aria-describedby=\"caption-attachment-16578\" class=\" wp-image-16578\" src=\"http:\/\/www.maisbn.com\/portal\/wp-content\/uploads\/2017\/11\/confronto_minas00001.jpg\" alt=\"Coletes a prova de balas e m\u00e1scaras usadas pelos bandidos em a\u00e7\u00f5es criminosas.\" width=\"600\" height=\"385\" \/><\/a><p id=\"caption-attachment-16578\" class=\"wp-caption-text\">Coletes a prova de balas e m\u00e1scaras usadas pelos bandidos em a\u00e7\u00f5es criminosas.<\/p><\/div>\n<p>Na manh\u00e3 dessa ter\u00e7a-feira (07\/11) a opera\u00e7\u00e3o de captura ainda estava em andamento quando os meliantes foram encontrados em um matagal, ainda na regi\u00e3o do munic\u00edpio de Rubim. A Policia Militar conseguiu capturar um dos comparsas que indicou onde os outros estavam escondidos. Os policiais ent\u00e3o encontraram Brauw, Bachel, Diego e Leo e aconteceu um novo confronto onde os quatro foram atingidos e morreram no local. O quinto elemento, identificado pelo nome de Rodrigo Cardoso Flor\u00eancio, o Buzu, conseguiu fugir durante o tiroteio.<\/p>\n<div id=\"attachment_16579\" style=\"width: 610px\" class=\"wp-caption aligncenter\"><a href=\"http:\/\/www.maisbn.com\/portal\/wp-content\/uploads\/2017\/11\/confronto1minas00006.jpg\"><img loading=\"lazy\" decoding=\"async\" aria-describedby=\"caption-attachment-16579\" class=\" wp-image-16579\" src=\"http:\/\/www.maisbn.com\/portal\/wp-content\/uploads\/2017\/11\/confronto1minas00006.jpg\" alt=\"Brawn e Shurek. Juntos comandavam a fac\u00e7\u00e3o criminosa que domina o tr\u00e1fico de drogas em Barrol\u00e2ndia.\" width=\"600\" height=\"385\" \/><\/a><p id=\"caption-attachment-16579\" class=\"wp-caption-text\">Brawn e Shurek. Juntos comandavam a fac\u00e7\u00e3o criminosa que domina o tr\u00e1fico de drogas em Barrol\u00e2ndia.<\/p><\/div>\n<p>Brauw, ao lado de outro traficante conhecido em Barrol\u00e2ndia pelo apelido de Shurek, era um dos chefes do tr\u00e1fico de drogas na localidade e era acusado de participa\u00e7\u00e3o em diversos confrontos com as guarni\u00e7\u00f5es da Pol\u00edcia Militar que atuam no distrito. Com a morte do mesmo a cadeia de comando perdeu mais um componente e a fac\u00e7\u00e3o criminosa segue perdendo for\u00e7a de atua\u00e7\u00e3o. As a\u00e7\u00f5es dos criminosos em Barrol\u00e2ndia tamb\u00e9m est\u00e3o sendo inviabilizadas pela intensifica\u00e7\u00e3o das opera\u00e7\u00f5es da Pol\u00edcia Militar na localidade. O distrito teve o seu policiamento ordin\u00e1rio refor\u00e7ado e conta ainda com opera\u00e7\u00f5es realizadas pelos homens da Companhia de Emprego T\u00e1tico Operacional (CETO), do 8\u00ba Batalh\u00e3o de Pol\u00edcia Militar de Porto Seguro. Viaturas da CAEMA tamb\u00e9m t\u00eam efetuado opera\u00e7\u00f5es por toda a localidade e esses fatores tem sufocado a venda de drogas em Barrol\u00e2ndia, obrigando os bandidos a migrarem para outras regi\u00f5es.<\/p>\n<p><a href=\"http:\/\/www.maisbn.com\/portal\/wp-content\/uploads\/2017\/11\/mosaico_armas_minas.jpg\"><img loading=\"lazy\" decoding=\"async\" class=\"aligncenter size-full wp-image-16580\" src=\"http:\/\/www.maisbn.com\/portal\/wp-content\/uploads\/2017\/11\/mosaico_armas_minas.jpg\" alt=\"mosaico_armas_minas\" width=\"700\" height=\"223\" \/><\/a><\/p>\n<p>Com os meliantes foram encontrados 2 fuzis A47, 01 sub metralhadora, 01 espingarda calibre .12, 05 pistolas 9mm israelense\u00a0\u00a0e muito explosivos. Tamb\u00e9m foram apreendidos os carros usados pela quadrilha, um deles sendo uma caminhonete que seria usada para assaltos a bancos, segundo apontam as investiga\u00e7\u00f5es policiais.<\/p>\n","protected":false},"excerpt":{"rendered":"<p>Um dos l\u00edderes do tr\u00e1fico drogas em Barrol\u00e2ndia tombou em combate com a Pol\u00edcia Militar de Minas Gerais nessa ter\u00e7a-feira (07\/11). Brauw, como era conhecido na localidade, estava acompanhado pelos comparsas Bachel, Diego e Leo, que tamb\u00e9m foram mortos na troca de tiros com os policiais. Os meliantes estavam escondidos em uma mata desde o [&hellip;]<\/p>\n","protected":false},"author":7,"featured_media":16581,"comment_status":"open","ping_status":"open","sticky":false,"template":"","format":"standard","meta":{"footnotes":""},"categories":[1,16],"tags":[108],"class_list":["post-16576","post","type-post","status-publish","format-standard","has-post-thumbnail","hentry","category-noticias","category-policial","tag-belmonte"],"_links":{"self":[{"href":"https:\/\/www.maisbn.com\/portal\/wp-json\/wp\/v2\/posts\/16576","targetHints":{"allow":["GET"]}}],"collection":[{"href":"https:\/\/www.maisbn.com\/portal\/wp-json\/wp\/v2\/posts"}],"about":[{"href":"https:\/\/www.maisbn.com\/portal\/wp-json\/wp\/v2\/types\/post"}],"author":[{"embeddable":true,"href":"https:\/\/www.maisbn.com\/portal\/wp-json\/wp\/v2\/users\/7"}],"replies":[{"embeddable":true,"href":"https:\/\/www.maisbn.com\/portal\/wp-json\/wp\/v2\/comments?post=16576"}],"version-history":[{"count":2,"href":"https:\/\/www.maisbn.com\/portal\/wp-json\/wp\/v2\/posts\/16576\/revisions"}],"predecessor-version":[{"id":16583,"href":"https:\/\/www.maisbn.com\/portal\/wp-json\/wp\/v2\/posts\/16576\/revisions\/16583"}],"wp:featuredmedia":[{"embeddable":true,"href":"https:\/\/www.maisbn.com\/portal\/wp-json\/wp\/v2\/media\/16581"}],"wp:attachment":[{"href":"https:\/\/www.maisbn.com\/portal\/wp-json\/wp\/v2\/media?parent=16576"}],"wp:term":[{"taxonomy":"category","embeddable":true,"href":"https:\/\/www.maisbn.com\/portal\/wp-json\/wp\/v2\/categories?post=16576"},{"taxonomy":"post_tag","embeddable":true,"href":"https:\/\/www.maisbn.com\/portal\/wp-json\/wp\/v2\/tags?post=16576"}],"curies":[{"name":"wp","href":"https:\/\/api.w.org\/{rel}","templated":true}]}}