{"id":16574,"date":"2017-11-07T18:22:07","date_gmt":"2017-11-07T21:22:07","guid":{"rendered":"http:\/\/www.maisbn.com\/portal\/?p=16574"},"modified":"2017-11-07T18:22:07","modified_gmt":"2017-11-07T21:22:07","slug":"vereador-alfredo-anuncia-atendimentos-em-barrolandia-todas-as-quartas-feiras","status":"publish","type":"post","link":"https:\/\/www.maisbn.com\/portal\/2017\/11\/vereador-alfredo-anuncia-atendimentos-em-barrolandia-todas-as-quartas-feiras\/","title":{"rendered":"Vereador Alfredo anuncia atendimentos em Barrol\u00e2ndia todas as quartas-feiras."},"content":{"rendered":"<div id=\"attachment_13890\" style=\"width: 610px\" class=\"wp-caption aligncenter\"><a href=\"http:\/\/www.maisbn.com\/portal\/wp-content\/uploads\/2017\/02\/vereador_alfredo001.jpg\"><img loading=\"lazy\" decoding=\"async\" aria-describedby=\"caption-attachment-13890\" class=\" wp-image-13890\" src=\"http:\/\/www.maisbn.com\/portal\/wp-content\/uploads\/2017\/02\/vereador_alfredo001.jpg\" alt=\"Vereador Alfredo Aberceb.\" width=\"600\" height=\"380\" \/><\/a><p id=\"caption-attachment-13890\" class=\"wp-caption-text\">Vereador Alfredo Aberceb.<\/p><\/div>\n<p>O Vereador e Vice-presidente do Legislativo, Alfredo Aberceb anunciou na tarde dessa segunda-feira (06\/11) que estar\u00e1, juntamente com toda a sua equipe, atendendo em Barrol\u00e2ndia todas as quartas-feiras para tratar de assuntos de interesse da popula\u00e7\u00e3o. O edil informou que o objetivo da a\u00e7\u00e3o \u00e9 promover uma maior integra\u00e7\u00e3o com a comunidade, saber dos problemas e melhorar os esfor\u00e7os para resolve-los. Alfredo tamb\u00e9m comentou que continuar\u00e1 realizando atendimentos em seu gabinete na C\u00e2mara de Vereadores e que seus assessores est\u00e3o preparados para atender as demandas que chegam todos os dias. <strong><em>&#8220;Os belmontenses s\u00e3o meus patr\u00f5es e eu estou aqui para servi-los. Desde quando entrei na C\u00e2mara de Vereadores pela primeira vez eu prometi que minha atua\u00e7\u00e3o no legislativo seria toda voltada para a comunidade. Estou cumprindo a minha promessa e estarei at\u00e9 o \u00faltimo dia do meu mandato defendo e lutando por melhorias para esse povo que eu amo e me acolheu desde o primeiro dia que eu pisei nessa cidade.&#8221;<\/em><\/strong> &#8211; Comentou Alfredo.<\/p>\n<p>Os atendimentos \u00e0 comunidade acontecer\u00e3o na Rua Sete de Setembro, n\u00famero 84 , no centro de Barrol\u00e2ndia. O Vereador informou que todo o local foi preparado para fornecer um ambiente agrad\u00e1vel para as pessoas.<strong><em> &#8220;A minha equipe tem preparado tudo com muito carinho e tenho certeza que todas as pessoas atendidas ter\u00e3o uma \u00f3tima estrutura \u00e0 sua disposi\u00e7\u00e3o e uma equipe empenhada para buscar as resolu\u00e7\u00f5es dos problemas apresentados.&#8221;<\/em><\/strong> &#8211; Finalizou o Vereador.<\/p>\n","protected":false},"excerpt":{"rendered":"<p>O Vereador e Vice-presidente do Legislativo, Alfredo Aberceb anunciou na tarde dessa segunda-feira (06\/11) que estar\u00e1, juntamente com toda a sua equipe, atendendo em Barrol\u00e2ndia todas as quartas-feiras para tratar de assuntos de interesse da popula\u00e7\u00e3o. O edil informou que o objetivo da a\u00e7\u00e3o \u00e9 promover uma maior integra\u00e7\u00e3o com a comunidade, saber dos problemas [&hellip;]<\/p>\n","protected":false},"author":7,"featured_media":13890,"comment_status":"open","ping_status":"open","sticky":false,"template":"","format":"standard","meta":{"footnotes":""},"categories":[1,7],"tags":[108],"class_list":["post-16574","post","type-post","status-publish","format-standard","has-post-thumbnail","hentry","category-noticias","category-politica","tag-belmonte"],"_links":{"self":[{"href":"https:\/\/www.maisbn.com\/portal\/wp-json\/wp\/v2\/posts\/16574","targetHints":{"allow":["GET"]}}],"collection":[{"href":"https:\/\/www.maisbn.com\/portal\/wp-json\/wp\/v2\/posts"}],"about":[{"href":"https:\/\/www.maisbn.com\/portal\/wp-json\/wp\/v2\/types\/post"}],"author":[{"embeddable":true,"href":"https:\/\/www.maisbn.com\/portal\/wp-json\/wp\/v2\/users\/7"}],"replies":[{"embeddable":true,"href":"https:\/\/www.maisbn.com\/portal\/wp-json\/wp\/v2\/comments?post=16574"}],"version-history":[{"count":1,"href":"https:\/\/www.maisbn.com\/portal\/wp-json\/wp\/v2\/posts\/16574\/revisions"}],"predecessor-version":[{"id":16575,"href":"https:\/\/www.maisbn.com\/portal\/wp-json\/wp\/v2\/posts\/16574\/revisions\/16575"}],"wp:featuredmedia":[{"embeddable":true,"href":"https:\/\/www.maisbn.com\/portal\/wp-json\/wp\/v2\/media\/13890"}],"wp:attachment":[{"href":"https:\/\/www.maisbn.com\/portal\/wp-json\/wp\/v2\/media?parent=16574"}],"wp:term":[{"taxonomy":"category","embeddable":true,"href":"https:\/\/www.maisbn.com\/portal\/wp-json\/wp\/v2\/categories?post=16574"},{"taxonomy":"post_tag","embeddable":true,"href":"https:\/\/www.maisbn.com\/portal\/wp-json\/wp\/v2\/tags?post=16574"}],"curies":[{"name":"wp","href":"https:\/\/api.w.org\/{rel}","templated":true}]}}