{"id":16543,"date":"2017-11-05T23:25:10","date_gmt":"2017-11-06T02:25:10","guid":{"rendered":"http:\/\/www.maisbn.com\/portal\/?p=16543"},"modified":"2017-11-05T23:25:10","modified_gmt":"2017-11-06T02:25:10","slug":"comunidade-da-cepa-comemora-a-chegada-da-energia-eletrica","status":"publish","type":"post","link":"https:\/\/www.maisbn.com\/portal\/2017\/11\/comunidade-da-cepa-comemora-a-chegada-da-energia-eletrica\/","title":{"rendered":"Comunidade da C\u00caPA comemora a chegada da energia el\u00e9trica."},"content":{"rendered":"<p>Um animado evento marcou o final de semana na comunidade da C\u00eapa, zona rural de Belmonte. A festa, que aconteceu nesse domingo (05\/11), foi para comemorar a chegada da energia el\u00e9trica na localidade, instalada por meio do Programa Luz para Todos, do Governo Federal.<\/p>\n<p><a href=\"http:\/\/www.maisbn.com\/portal\/wp-content\/uploads\/2017\/11\/energia_cepa000181.jpg\"><img loading=\"lazy\" decoding=\"async\" class=\"aligncenter  wp-image-16545\" src=\"http:\/\/www.maisbn.com\/portal\/wp-content\/uploads\/2017\/11\/energia_cepa000181.jpg\" alt=\"energia_cepa00018\" width=\"600\" height=\"385\" \/><\/a><\/p>\n<p>O Prefeito Janival Borges se fez presente no evento e estava acompanhado pela Primeira Dama D&#8217;Ajuda Borges e uma comitiva de Secret\u00e1rios Municipais e correligion\u00e1rios. Em depoimento durante a inaugura\u00e7\u00e3o o gestou revelou que mais de 500 belmontenses j\u00e1 foram beneficiados pelo projeto a um custo estimado de R$ 8 Milh\u00f5es de Reais. <strong><em>&#8220;Os recursos s\u00e3o federais, mas o Prefeito tem que buscar para que eles cheguem a ser empregados em sua cidade e gra\u00e7as a um intenso trabalho feito por uma equipe comprometida n\u00f3s conseguimos que esse sonho chegasse para essas fam\u00edlias. As comunidades do Projeto Pia\u00e7ava, Ub\u00fa, C\u00f3rrego Vermelho, Beira do Rio, Rio Preto e v\u00e1rias localidades j\u00e1 foram beneficiadas. S\u00e3o sonhos realizados e desenvolvimento chegando para todas as fam\u00edlias da nossa Zona Rural.&#8221; <\/em><\/strong>&#8211; Comentou Janival.<\/p>\n<p><a href=\"http:\/\/www.maisbn.com\/portal\/wp-content\/uploads\/2017\/11\/mosaico_luzparatodoscepa.jpg\"><img loading=\"lazy\" decoding=\"async\" class=\"aligncenter  wp-image-16546\" src=\"http:\/\/www.maisbn.com\/portal\/wp-content\/uploads\/2017\/11\/mosaico_luzparatodoscepa.jpg\" alt=\"mosaico_luzparatodoscepa\" width=\"600\" height=\"386\" \/><\/a><\/p>\n<p>A festa ainda contou com um delicioso churrasco\u00a0 e uma cerveja estupidamente gelada. Pessoas da comunidade agradeceram ao Prefeito Janival Borges e comentaram que h\u00e1 muito tempo esperavam por esse grande sonho. Nossa equipe colheu os relato de tr\u00eas moradores que mostraram imensa felicidade com a conquista. Os depoimentos podem ser vistos logo abaixo:<\/p>\n<p><iframe loading=\"lazy\" src=\"https:\/\/www.youtube.com\/embed\/kaUcZTtWmVc\" width=\"560\" height=\"315\" frameborder=\"0\" allowfullscreen=\"allowfullscreen\"><\/iframe><\/p>\n<p><iframe loading=\"lazy\" src=\"https:\/\/www.youtube.com\/embed\/_tIMyIVIgbY\" width=\"560\" height=\"315\" frameborder=\"0\" allowfullscreen=\"allowfullscreen\"><\/iframe><\/p>\n<p><iframe loading=\"lazy\" src=\"https:\/\/www.youtube.com\/embed\/IXGf0yj8Hxc\" width=\"560\" height=\"315\" frameborder=\"0\" allowfullscreen=\"allowfullscreen\"><\/iframe><\/p>\n","protected":false},"excerpt":{"rendered":"<p>Um animado evento marcou o final de semana na comunidade da C\u00eapa, zona rural de Belmonte. A festa, que aconteceu nesse domingo (05\/11), foi para comemorar a chegada da energia el\u00e9trica na localidade, instalada por meio do Programa Luz para Todos, do Governo Federal. O Prefeito Janival Borges se fez presente no evento e estava [&hellip;]<\/p>\n","protected":false},"author":7,"featured_media":16545,"comment_status":"open","ping_status":"open","sticky":false,"template":"","format":"standard","meta":{"footnotes":""},"categories":[45,1],"tags":[108],"class_list":["post-16543","post","type-post","status-publish","format-standard","has-post-thumbnail","hentry","category-cidades","category-noticias","tag-belmonte"],"_links":{"self":[{"href":"https:\/\/www.maisbn.com\/portal\/wp-json\/wp\/v2\/posts\/16543","targetHints":{"allow":["GET"]}}],"collection":[{"href":"https:\/\/www.maisbn.com\/portal\/wp-json\/wp\/v2\/posts"}],"about":[{"href":"https:\/\/www.maisbn.com\/portal\/wp-json\/wp\/v2\/types\/post"}],"author":[{"embeddable":true,"href":"https:\/\/www.maisbn.com\/portal\/wp-json\/wp\/v2\/users\/7"}],"replies":[{"embeddable":true,"href":"https:\/\/www.maisbn.com\/portal\/wp-json\/wp\/v2\/comments?post=16543"}],"version-history":[{"count":1,"href":"https:\/\/www.maisbn.com\/portal\/wp-json\/wp\/v2\/posts\/16543\/revisions"}],"predecessor-version":[{"id":16547,"href":"https:\/\/www.maisbn.com\/portal\/wp-json\/wp\/v2\/posts\/16543\/revisions\/16547"}],"wp:featuredmedia":[{"embeddable":true,"href":"https:\/\/www.maisbn.com\/portal\/wp-json\/wp\/v2\/media\/16545"}],"wp:attachment":[{"href":"https:\/\/www.maisbn.com\/portal\/wp-json\/wp\/v2\/media?parent=16543"}],"wp:term":[{"taxonomy":"category","embeddable":true,"href":"https:\/\/www.maisbn.com\/portal\/wp-json\/wp\/v2\/categories?post=16543"},{"taxonomy":"post_tag","embeddable":true,"href":"https:\/\/www.maisbn.com\/portal\/wp-json\/wp\/v2\/tags?post=16543"}],"curies":[{"name":"wp","href":"https:\/\/api.w.org\/{rel}","templated":true}]}}