{"id":16536,"date":"2017-11-02T23:58:23","date_gmt":"2017-11-03T02:58:23","guid":{"rendered":"http:\/\/www.maisbn.com\/portal\/?p=16536"},"modified":"2017-11-03T00:15:11","modified_gmt":"2017-11-03T03:15:11","slug":"pm-anuncia-plano-para-ampliacao-e-aprimoramento-dos-projetos-da-base-comunitaria-de-seguranca-em-porto-seguro","status":"publish","type":"post","link":"https:\/\/www.maisbn.com\/portal\/2017\/11\/pm-anuncia-plano-para-ampliacao-e-aprimoramento-dos-projetos-da-base-comunitaria-de-seguranca-em-porto-seguro\/","title":{"rendered":"PM anuncia Plano para Amplia\u00e7\u00e3o e Aprimoramento dos Projetos da Base Comunit\u00e1ria de Seguran\u00e7a em Porto Seguro."},"content":{"rendered":"<p>O comando do 8\u00ba BPM em Porto Seguro, anunciou o lan\u00e7amento do plano de aprimoramento e complementa\u00e7\u00e3o de novas iniciativas \u00e0 grade de a\u00e7\u00f5es sociais desenvolvidas pela Base Comunit\u00e1ria de Seguran\u00e7a P\u00fablica na cidade.<\/p>\n<p><a href=\"http:\/\/www.maisbn.com\/portal\/wp-content\/uploads\/2017\/11\/base.jpg\"><img loading=\"lazy\" decoding=\"async\" class=\"aligncenter size-full wp-image-16537\" src=\"http:\/\/www.maisbn.com\/portal\/wp-content\/uploads\/2017\/11\/base.jpg\" alt=\"base\" width=\"600\" height=\"406\" \/><\/a><\/p>\n<p>O foco est\u00e1 em novas a\u00e7\u00f5es de car\u00e1ter social nas comunidades alcan\u00e7adas pela Base visando a melhoria das rela\u00e7\u00f5es entre a Pol\u00edcia Militar da Bahia e a popula\u00e7\u00e3o local. Ainda, buscar\u00e1 desenvolver atividades que possam reduzir a vulnerabilidade de jovens com rela\u00e7\u00e3o ao envolvimento em atos delituosos;\u00a0promover a cultura de paz; contribuir para forma\u00e7\u00e3o \u00e9tico-moral, al\u00e9m de difundir princ\u00edpios norteadores da preven\u00e7\u00e3o de delitos.<\/p>\n<p>O comandante do 8\u00ba BPM, Major Anacleto Fran\u00e7a, destaca tamb\u00e9m o envolvimento de outros setores p\u00fablicos e privados na busca pela melhoria das condi\u00e7\u00f5es de vida do p\u00fablico alvo, com destaque \u00e0 Prefeitura Municipal e a Faculdade Montenegro.<strong><em> \u201c\u00c9 uma estrat\u00e9gia fundamental, pois s\u00e3o medidas efetivas que visam prevenir e coibir a\u00e7\u00f5es criminosas em nossa regi\u00e3o, podendo trazer resultados diretos nos indicadores de Crimes Violentos Letais e Intencionais. Para isso, convocamos a popula\u00e7\u00e3o a participar dos projetos disponibilizados. Quanto maior a participa\u00e7\u00e3o, melhores ser\u00e3o os resultados&#8221;<\/em><\/strong>, pontuou o comandante.<\/p>\n<p><a href=\"http:\/\/www.maisbn.com\/portal\/wp-content\/uploads\/2017\/11\/WhatsApp-Image-2017-11-02-at-18.52.56.jpeg\"><img loading=\"lazy\" decoding=\"async\" class=\"aligncenter wp-image-16538\" src=\"http:\/\/www.maisbn.com\/portal\/wp-content\/uploads\/2017\/11\/WhatsApp-Image-2017-11-02-at-18.52.56-1000x563.jpeg\" alt=\"WhatsApp Image 2017-11-02 at 18.52.56\" width=\"608\" height=\"342\" srcset=\"https:\/\/www.maisbn.com\/portal\/wp-content\/uploads\/2017\/11\/WhatsApp-Image-2017-11-02-at-18.52.56-1000x563.jpeg 1000w, https:\/\/www.maisbn.com\/portal\/wp-content\/uploads\/2017\/11\/WhatsApp-Image-2017-11-02-at-18.52.56.jpeg 1278w\" sizes=\"auto, (max-width: 608px) 100vw, 608px\" \/><\/a><\/p>\n<p>Dentre os projetos est\u00e3o aulas de jud\u00f4, futebol e inform\u00e1tica. Tamb\u00e9m haver\u00e1 uma importante a\u00e7\u00e3o na \u00e1rea de sa\u00fade em conjunto com a Prefeitura Municipal, atrav\u00e9s da Secretaria de Sa\u00fade do munic\u00edpio.<\/p>\n<p><strong><em>Ascom 8\u00ba BPM\/Porto Seguro<\/em><\/strong><\/p>\n","protected":false},"excerpt":{"rendered":"<p>O comando do 8\u00ba BPM em Porto Seguro, anunciou o lan\u00e7amento do plano de aprimoramento e complementa\u00e7\u00e3o de novas iniciativas \u00e0 grade de a\u00e7\u00f5es sociais desenvolvidas pela Base Comunit\u00e1ria de Seguran\u00e7a P\u00fablica na cidade. O foco est\u00e1 em novas a\u00e7\u00f5es de car\u00e1ter social nas comunidades alcan\u00e7adas pela Base visando a melhoria das rela\u00e7\u00f5es entre a [&hellip;]<\/p>\n","protected":false},"author":7,"featured_media":16537,"comment_status":"open","ping_status":"open","sticky":false,"template":"","format":"standard","meta":{"footnotes":""},"categories":[1,16],"tags":[108],"class_list":["post-16536","post","type-post","status-publish","format-standard","has-post-thumbnail","hentry","category-noticias","category-policial","tag-belmonte"],"_links":{"self":[{"href":"https:\/\/www.maisbn.com\/portal\/wp-json\/wp\/v2\/posts\/16536","targetHints":{"allow":["GET"]}}],"collection":[{"href":"https:\/\/www.maisbn.com\/portal\/wp-json\/wp\/v2\/posts"}],"about":[{"href":"https:\/\/www.maisbn.com\/portal\/wp-json\/wp\/v2\/types\/post"}],"author":[{"embeddable":true,"href":"https:\/\/www.maisbn.com\/portal\/wp-json\/wp\/v2\/users\/7"}],"replies":[{"embeddable":true,"href":"https:\/\/www.maisbn.com\/portal\/wp-json\/wp\/v2\/comments?post=16536"}],"version-history":[{"count":4,"href":"https:\/\/www.maisbn.com\/portal\/wp-json\/wp\/v2\/posts\/16536\/revisions"}],"predecessor-version":[{"id":16542,"href":"https:\/\/www.maisbn.com\/portal\/wp-json\/wp\/v2\/posts\/16536\/revisions\/16542"}],"wp:featuredmedia":[{"embeddable":true,"href":"https:\/\/www.maisbn.com\/portal\/wp-json\/wp\/v2\/media\/16537"}],"wp:attachment":[{"href":"https:\/\/www.maisbn.com\/portal\/wp-json\/wp\/v2\/media?parent=16536"}],"wp:term":[{"taxonomy":"category","embeddable":true,"href":"https:\/\/www.maisbn.com\/portal\/wp-json\/wp\/v2\/categories?post=16536"},{"taxonomy":"post_tag","embeddable":true,"href":"https:\/\/www.maisbn.com\/portal\/wp-json\/wp\/v2\/tags?post=16536"}],"curies":[{"name":"wp","href":"https:\/\/api.w.org\/{rel}","templated":true}]}}