{"id":16526,"date":"2017-11-02T11:57:42","date_gmt":"2017-11-02T14:57:42","guid":{"rendered":"http:\/\/www.maisbn.com\/portal\/?p=16526"},"modified":"2017-11-02T11:57:42","modified_gmt":"2017-11-02T14:57:42","slug":"prefeito-descumpre-acordo-firmado-com-professores-e-a-categoria-vai-para-as-ruas-protestar","status":"publish","type":"post","link":"https:\/\/www.maisbn.com\/portal\/2017\/11\/prefeito-descumpre-acordo-firmado-com-professores-e-a-categoria-vai-para-as-ruas-protestar\/","title":{"rendered":"Prefeito descumpre acordo firmado com professores e a categoria vai para as ruas protestar."},"content":{"rendered":"<p>Profissionais da rede municipal de Belmonte realizaram uma paralisa\u00e7\u00e3o nessa quarta-feira (01\/11) para protestar contra a iniciativa do Prefeito Janival Borges de descumprir o acordo firmado para o pagamento dos retroativos relativos ao reajuste do Piso Nacional da categoria. Os valores devidos foram divididos em 05 parcelas para facilitar a vida da equipe econ\u00f4mica do gestor que alegava, na \u00e9poca do acordo, n\u00e3o ter recursos para pagar o valor em uma \u00fanica vez. Os professores alegam que a equipe econ\u00f4mica do Prefeito s\u00f3 efetuou o primeiro pagamento e depois ignorou as outras parcelas com a justificativa de n\u00e3o ter dinheiro para honrar o compromisso firmado. A diretoria da APLB-Belmonte, sindicato que representa os educadores, tamb\u00e9m comentou com nossa equipe que o Prefeito Janival Borges tamb\u00e9m n\u00e3o sentou mais para negociar com a categoria e n\u00e3o tem dado sinais de que esteja disposto a firmar uma linha de di\u00e1logo com os profissionais.<\/p>\n<p><a href=\"http:\/\/www.maisbn.com\/portal\/wp-content\/uploads\/2017\/11\/movimento_professores00038.jpg\"><img loading=\"lazy\" decoding=\"async\" class=\"aligncenter  wp-image-16528\" src=\"http:\/\/www.maisbn.com\/portal\/wp-content\/uploads\/2017\/11\/movimento_professores00038.jpg\" alt=\"movimento_professores00038\" width=\"600\" height=\"385\" \/><\/a><\/p>\n<p>Al\u00e9m da paralisa\u00e7\u00e3o, os profissionais da educa\u00e7\u00e3o tamb\u00e9m sa\u00edram em passeata pelas principais ruas da cidade com o objetivo de esclarecer \u00e0 popula\u00e7\u00e3o sobre a situa\u00e7\u00e3o. O Coordenador da APLB-Belmonte, o Sr. Igor Suzart, informou \u00e0 nossa equipe que n\u00e3o \u00e9 objetivo da categoria prejudicar os alunos e o ano letivo. Segundo Igor, os profissionais continuar\u00e3o nas salas de aula e cumprir\u00e3o o restante do calend\u00e1rio 2017, mas s\u00f3 voltar\u00e3o para cumprir o ano letivo de 2018 depois que o Prefeito pagar o que \u00e9 de direito da categoria. <strong><em>&#8220;N\u00e3o temos nenhuma inten\u00e7\u00e3o de prejudicar os alunos e nem a comunidade, mas temos que brigar por nossos direitos que n\u00e3o est\u00e3o sendo respeitados. Todos estamos unidos e queremos que a comunidade entenda o que est\u00e1 acontecendo e seja solid\u00e1ria com esses profissionais que s\u00e3o os respons\u00e1veis pelo futuro de seus filhos.&#8221;<\/em><\/strong> &#8211; Finalizou o Coordenador Igor Suzart.<\/p>\n<p><a href=\"http:\/\/www.maisbn.com\/portal\/wp-content\/uploads\/2017\/11\/mosaico_professores01.jpg\"><img loading=\"lazy\" decoding=\"async\" class=\"aligncenter  wp-image-16529\" src=\"http:\/\/www.maisbn.com\/portal\/wp-content\/uploads\/2017\/11\/mosaico_professores01.jpg\" alt=\"mosaico_professores01\" width=\"600\" height=\"386\" \/><\/a><\/p>\n<p>O Vereador Rog\u00e9rio Bahia, diretor da APLB-Belmonte e representante dos profissionais da educa\u00e7\u00e3o no Poder Legislativo, comentou que n\u00e3o abre m\u00e3o de lutar pelos direitos dos professores. Rog\u00e9rio afirmou que buscar\u00e1 maneiras de restabelecer o di\u00e1logo com o executivo para resolver a situa\u00e7\u00e3o da melhor maneira poss\u00edvel. <strong><em>&#8220;Eu e todos os vereadores somos solid\u00e1rios nessa luta. N\u00f3s tentaremos mediar uma negocia\u00e7\u00e3o entre a categoria e o Prefeito, mas n\u00e3o permitiremos que direitos conquistados pelos trabalhadores sejam extintos ou desrespeitados.&#8221;<\/em><\/strong> &#8211; Comentou Rog\u00e9rio.<\/p>\n","protected":false},"excerpt":{"rendered":"<p>Profissionais da rede municipal de Belmonte realizaram uma paralisa\u00e7\u00e3o nessa quarta-feira (01\/11) para protestar contra a iniciativa do Prefeito Janival Borges de descumprir o acordo firmado para o pagamento dos retroativos relativos ao reajuste do Piso Nacional da categoria. Os valores devidos foram divididos em 05 parcelas para facilitar a vida da equipe econ\u00f4mica do [&hellip;]<\/p>\n","protected":false},"author":7,"featured_media":16528,"comment_status":"open","ping_status":"open","sticky":false,"template":"","format":"standard","meta":{"footnotes":""},"categories":[8,1],"tags":[435],"class_list":["post-16526","post","type-post","status-publish","format-standard","has-post-thumbnail","hentry","category-educacao","category-noticias","tag-belmonte-bahia-3"],"_links":{"self":[{"href":"https:\/\/www.maisbn.com\/portal\/wp-json\/wp\/v2\/posts\/16526","targetHints":{"allow":["GET"]}}],"collection":[{"href":"https:\/\/www.maisbn.com\/portal\/wp-json\/wp\/v2\/posts"}],"about":[{"href":"https:\/\/www.maisbn.com\/portal\/wp-json\/wp\/v2\/types\/post"}],"author":[{"embeddable":true,"href":"https:\/\/www.maisbn.com\/portal\/wp-json\/wp\/v2\/users\/7"}],"replies":[{"embeddable":true,"href":"https:\/\/www.maisbn.com\/portal\/wp-json\/wp\/v2\/comments?post=16526"}],"version-history":[{"count":2,"href":"https:\/\/www.maisbn.com\/portal\/wp-json\/wp\/v2\/posts\/16526\/revisions"}],"predecessor-version":[{"id":16530,"href":"https:\/\/www.maisbn.com\/portal\/wp-json\/wp\/v2\/posts\/16526\/revisions\/16530"}],"wp:featuredmedia":[{"embeddable":true,"href":"https:\/\/www.maisbn.com\/portal\/wp-json\/wp\/v2\/media\/16528"}],"wp:attachment":[{"href":"https:\/\/www.maisbn.com\/portal\/wp-json\/wp\/v2\/media?parent=16526"}],"wp:term":[{"taxonomy":"category","embeddable":true,"href":"https:\/\/www.maisbn.com\/portal\/wp-json\/wp\/v2\/categories?post=16526"},{"taxonomy":"post_tag","embeddable":true,"href":"https:\/\/www.maisbn.com\/portal\/wp-json\/wp\/v2\/tags?post=16526"}],"curies":[{"name":"wp","href":"https:\/\/api.w.org\/{rel}","templated":true}]}}