{"id":16469,"date":"2017-10-25T10:31:16","date_gmt":"2017-10-25T13:31:16","guid":{"rendered":"http:\/\/www.maisbn.com\/portal\/?p=16469"},"modified":"2017-10-25T10:31:16","modified_gmt":"2017-10-25T13:31:16","slug":"unidade-do-senai-esta-chegando-em-eunapolis","status":"publish","type":"post","link":"https:\/\/www.maisbn.com\/portal\/2017\/10\/unidade-do-senai-esta-chegando-em-eunapolis\/","title":{"rendered":"Unidade do SENAI est\u00e1 chegando em Eun\u00e1polis."},"content":{"rendered":"<p class=\"m_6219236692975102894m_-1597598036968663470MsoNoSpacing\"><a href=\"http:\/\/www.maisbn.com\/portal\/wp-content\/uploads\/2017\/10\/REPRESENTA\u00c7\u00c3O-GR\u00c1FICA-DA-SEDE-DO-SENAI-EUN\u00c1POLIS.jpg\"><img loading=\"lazy\" decoding=\"async\" class=\"aligncenter  wp-image-16470\" src=\"http:\/\/www.maisbn.com\/portal\/wp-content\/uploads\/2017\/10\/REPRESENTA\u00c7\u00c3O-GR\u00c1FICA-DA-SEDE-DO-SENAI-EUN\u00c1POLIS-1000x500.jpg\" alt=\"REPRESENTA\u00c7\u00c3O GR\u00c1FICA DA SEDE DO SENAI EUN\u00c1POLIS\" width=\"601\" height=\"301\" srcset=\"https:\/\/www.maisbn.com\/portal\/wp-content\/uploads\/2017\/10\/REPRESENTA\u00c7\u00c3O-GR\u00c1FICA-DA-SEDE-DO-SENAI-EUN\u00c1POLIS-1000x500.jpg 1000w, https:\/\/www.maisbn.com\/portal\/wp-content\/uploads\/2017\/10\/REPRESENTA\u00c7\u00c3O-GR\u00c1FICA-DA-SEDE-DO-SENAI-EUN\u00c1POLIS-350x175.jpg 350w, https:\/\/www.maisbn.com\/portal\/wp-content\/uploads\/2017\/10\/REPRESENTA\u00c7\u00c3O-GR\u00c1FICA-DA-SEDE-DO-SENAI-EUN\u00c1POLIS-1400x700.jpg 1400w\" sizes=\"auto, (max-width: 601px) 100vw, 601px\" \/><\/a><\/p>\n<p class=\"m_6219236692975102894m_-1597598036968663470MsoNoSpacing\"><strong>A implanta\u00e7\u00e3o da sede no munic\u00edpio trar\u00e1 mais cursos de qualifica\u00e7\u00e3o profissional para a regi\u00e3o.<\/strong><\/p>\n<p class=\"m_6219236692975102894m_-1597598036968663470MsoNoSpacing\">At\u00e9 o final deste ano, o munic\u00edpio de Eun\u00e1polis ter\u00e1 uma nova sede do <span class=\"m_6219236692975102894m_-1597598036968663470tgc\">Servi\u00e7o Nacional de Aprendizagem Industrial (SENAI).<\/span> Essa iniciativa est\u00e1 sendo poss\u00edvel gra\u00e7as \u00e0 parceria com a Veracel Celulose que cedeu o terreno para a constru\u00e7\u00e3o da unidade. Localizado na BR 101, o pr\u00e9dio ter\u00e1 cinco salas de aulas, oficinas, espa\u00e7o para leitura, laborat\u00f3rios e tamb\u00e9m poder\u00e1 ser utilizado para feiras tecnol\u00f3gicas. O primeiro curso a ser realizado nesta nova sede \u00e9 o de Aprendiz de Fabrica\u00e7\u00e3o de Celulose, exclusivo para a Veracel. Depois, ser\u00e3o oferecidos cursos profissionalizantes de opera\u00e7\u00e3o de m\u00e1quinas florestais; manuten\u00e7\u00e3o de m\u00e1quinas pesadas; automa\u00e7\u00e3o e instrumenta\u00e7\u00e3o; equipamentos m\u00f3veis industrial e outros.<\/p>\n<p class=\"m_6219236692975102894m_-1597598036968663470MsoNoSpacing\">Al\u00e9m de proporcionar qualifica\u00e7\u00e3o profissional, esta sede do <span class=\"m_6219236692975102894m_-1597598036968663470tgc\">SENAI<\/span> em Eun\u00e1polis abre oportunidade para o desenvolvimento regional, uma vez que outras empresas tamb\u00e9m podem se interessar e investir nas forma\u00e7\u00f5es espec\u00edficas oferecidas pela institui\u00e7\u00e3o. \u201cPara a Veracel, investir na educa\u00e7\u00e3o profissional \u00e9 acreditar no desenvolvimento da nossa regi\u00e3o. Por isso, a empresa est\u00e1 sempre criando condi\u00e7\u00f5es para a forma\u00e7\u00e3o de novos profissionais que podem ser aproveitados em contrata\u00e7\u00f5es futuras pela empresa e por suas parceiras\u201d, afirmou Marcos Daniel, gerente de Desenvolvimento Humano e Organizacional da empresa.<u><\/u><u><\/u><\/p>\n<p class=\"m_6219236692975102894m_-1597598036968663470MsoNoSpacing\">\u00a0<strong>SOBRE O SENAI \u2013<\/strong>\u00a0O Servi\u00e7o Nacional de Aprendizagem Industrial foi criado em 1942, e hoje \u00e9 um dos mais importantes p\u00f3los nacionais de gera\u00e7\u00e3o e difus\u00e3o de conhecimento aplicado ao desenvolvimento industrial. Ao longo destes 75 anos, o SENAI tem sido um dos protagonistas da industrializa\u00e7\u00e3o do Brasil ajudando a formar 71 milh\u00f5es de trabalhadores em 28 \u00e1reas da ind\u00fastria brasileira. Na Bahia, a institui\u00e7\u00e3o integra o Sistema FIEB &#8211; Federa\u00e7\u00e3o das Ind\u00fastrias do Estado da Bahia, e conta com 11 unidades fixas em todo o Estado, al\u00e9m de Centros de Forma\u00e7\u00e3o Profissional e Ag\u00eancias em v\u00e1rios munic\u00edpios.<\/p>\n<p class=\"m_6219236692975102894m_-1597598036968663470MsoNoSpacing\">Para saber mais acesse: <a href=\"http:\/\/www.fieb.org.br\/senai\" target=\"_blank\" data-saferedirecturl=\"https:\/\/www.google.com\/url?hl=pt-BR&amp;q=http:\/\/www.fieb.org.br\/senai&amp;source=gmail&amp;ust=1509023819624000&amp;usg=AFQjCNGl6HIs04GNQd3J9EzScw3mjJy9Cw\"> www.fieb.org.br\/senai<\/a><\/p>\n","protected":false},"excerpt":{"rendered":"<p>A implanta\u00e7\u00e3o da sede no munic\u00edpio trar\u00e1 mais cursos de qualifica\u00e7\u00e3o profissional para a regi\u00e3o. At\u00e9 o final deste ano, o munic\u00edpio de Eun\u00e1polis ter\u00e1 uma nova sede do Servi\u00e7o Nacional de Aprendizagem Industrial (SENAI). Essa iniciativa est\u00e1 sendo poss\u00edvel gra\u00e7as \u00e0 parceria com a Veracel Celulose que cedeu o terreno para a constru\u00e7\u00e3o da [&hellip;]<\/p>\n","protected":false},"author":7,"featured_media":16470,"comment_status":"open","ping_status":"open","sticky":false,"template":"","format":"standard","meta":{"footnotes":""},"categories":[9,1],"tags":[108],"class_list":["post-16469","post","type-post","status-publish","format-standard","has-post-thumbnail","hentry","category-concursos-oportunidades","category-noticias","tag-belmonte"],"_links":{"self":[{"href":"https:\/\/www.maisbn.com\/portal\/wp-json\/wp\/v2\/posts\/16469","targetHints":{"allow":["GET"]}}],"collection":[{"href":"https:\/\/www.maisbn.com\/portal\/wp-json\/wp\/v2\/posts"}],"about":[{"href":"https:\/\/www.maisbn.com\/portal\/wp-json\/wp\/v2\/types\/post"}],"author":[{"embeddable":true,"href":"https:\/\/www.maisbn.com\/portal\/wp-json\/wp\/v2\/users\/7"}],"replies":[{"embeddable":true,"href":"https:\/\/www.maisbn.com\/portal\/wp-json\/wp\/v2\/comments?post=16469"}],"version-history":[{"count":1,"href":"https:\/\/www.maisbn.com\/portal\/wp-json\/wp\/v2\/posts\/16469\/revisions"}],"predecessor-version":[{"id":16471,"href":"https:\/\/www.maisbn.com\/portal\/wp-json\/wp\/v2\/posts\/16469\/revisions\/16471"}],"wp:featuredmedia":[{"embeddable":true,"href":"https:\/\/www.maisbn.com\/portal\/wp-json\/wp\/v2\/media\/16470"}],"wp:attachment":[{"href":"https:\/\/www.maisbn.com\/portal\/wp-json\/wp\/v2\/media?parent=16469"}],"wp:term":[{"taxonomy":"category","embeddable":true,"href":"https:\/\/www.maisbn.com\/portal\/wp-json\/wp\/v2\/categories?post=16469"},{"taxonomy":"post_tag","embeddable":true,"href":"https:\/\/www.maisbn.com\/portal\/wp-json\/wp\/v2\/tags?post=16469"}],"curies":[{"name":"wp","href":"https:\/\/api.w.org\/{rel}","templated":true}]}}