{"id":16462,"date":"2017-10-25T10:09:52","date_gmt":"2017-10-25T13:09:52","guid":{"rendered":"http:\/\/www.maisbn.com\/portal\/?p=16462"},"modified":"2017-10-25T10:09:52","modified_gmt":"2017-10-25T13:09:52","slug":"vereadores-se-reunem-com-gerente-da-brasileiro-para-cobrar-melhorias-para-o-transporte-publico","status":"publish","type":"post","link":"https:\/\/www.maisbn.com\/portal\/2017\/10\/vereadores-se-reunem-com-gerente-da-brasileiro-para-cobrar-melhorias-para-o-transporte-publico\/","title":{"rendered":"Vereadores se re\u00fanem com gerente da Brasileiro para cobrar melhorias para o transporte p\u00fablico."},"content":{"rendered":"<p>Na manh\u00e3 dessa ter\u00e7a-feira (25\/10) aconteceu na sede da C\u00e2mara de Vereadores de Belmonte uma reuni\u00e3o que contou com a presen\u00e7a do Sr. Jucelino Peixoto, Gerente do Grupo Brasileiro. A conversa com a empresa foi convocada pelo Vice-presidente do Legislativo, Alfredo Aberceb, que estava acompanhado do Presidente Aelson Matos (Calango) e do Vereador Rogerio Bahia.<\/p>\n<p><a href=\"http:\/\/www.maisbn.com\/portal\/wp-content\/uploads\/2017\/10\/reuniaobrasileirocamara00001.jpg\"><img loading=\"lazy\" decoding=\"async\" class=\"aligncenter  wp-image-16465\" src=\"http:\/\/www.maisbn.com\/portal\/wp-content\/uploads\/2017\/10\/reuniaobrasileirocamara00001.jpg\" alt=\"reuniaobrasileirocamara00001\" width=\"600\" height=\"385\" \/><\/a><\/p>\n<p>O objetivo da reuni\u00e3o foi discutir melhorias no transporte intermunicipal em Belmonte. Para isso, a equipe do Vereador Alfredo realizou por v\u00e1rias semanas pesquisas junto a usu\u00e1rios do servi\u00e7o para saber as falhas que est\u00e3o acontecendo tanto nas linhas para Santa Cruz Cabr\u00e1lia, como nas linhas que passam por Barrol\u00e2ndia com destino a Eun\u00e1polis. Alfredo revelou que as respostas mostraram um grande descontentamento em rela\u00e7\u00e3o \u00e0 Brasileiro, principal empresa que opera as linhas de \u00f4nibus da cidade. Os Moradores reclamaram da limpeza dos \u00f4nibus, dos hor\u00e1rios, da falta de banheiros e ar condicionados. <strong><em>&#8220;Tem que ser feito alguma coisa. O povo n\u00e3o pode ficar sofrendo por causa de falhas no transporte p\u00fablico em nossa cidade.&#8221;<\/em><\/strong> &#8211; Comentou o Vereador.<\/p>\n<p><a href=\"http:\/\/www.maisbn.com\/portal\/wp-content\/uploads\/2017\/10\/reuniaobrasileirocamara00002.jpg\"><img loading=\"lazy\" decoding=\"async\" class=\"aligncenter  wp-image-16464\" src=\"http:\/\/www.maisbn.com\/portal\/wp-content\/uploads\/2017\/10\/reuniaobrasileirocamara00002.jpg\" alt=\"reuniaobrasileirocamara00002\" width=\"601\" height=\"386\" \/><\/a><\/p>\n<p>O Sr. Jucelino Peixoto ouviu as pondera\u00e7\u00f5es dos vereadores presentes e revelou que achou muito importantes as informa\u00e7\u00f5es. O gerente prometeu que ia ver o que estava acontecendo com a quest\u00e3o da limpeza dos \u00f4nibus e sanar o problema. O mesmo tamb\u00e9m pediu um prazo para que a empresa coloque um \u00f4nibus com ar condicionado e banheiro na linha Belmonte X Cabr\u00e1lia. Quanto aos hor\u00e1rios, o Sr. Jucelino comentou que mandar\u00e1 uma equipe para acompanhar todas as linhas e fazer pesquisas com os usu\u00e1rios para ver a viabilidade de adequa\u00e7\u00e3o dos hor\u00e1rios \u00e0s necessidades da comunidade. O mesmo ainda ressaltou que a popula\u00e7\u00e3o tamb\u00e9m precisa ajudar para que os hor\u00e1rios sejam disponibilizados, j\u00e1 que, a empresa vem sofrendo com a concorr\u00eancia predat\u00f3ria das lota\u00e7\u00f5es.<em><strong> &#8220;As lota\u00e7\u00f5es saem no mesmo hor\u00e1rio dos \u00f4nibus que acabam viajando vazios tornando imposs\u00edvel a viabilidade econ\u00f4mica para operar a linha. A empresa est\u00e1 disposta a ajudar a comunidade, mas tamb\u00e9m precisa de uma contrapartida. As pessoas tem que entender que o nosso transporte \u00e9 legalizado, conta com profissionais treinados e temos estrutura para auxiliar as pessoas em caso de acidentes. Essas situa\u00e7\u00f5es n\u00e3o podem ser garantidas pelo transporte clandestino onde muitas vezes nem o seguro obrigat\u00f3rio do ve\u00edculo \u00e9 pago.&#8221;<\/strong><\/em> &#8211; Abordou o Sr. Jucelino.<\/p>\n<p>Ao final da reuni\u00e3o os vereadores presentes se colocaram \u00e0 disposi\u00e7\u00e3o para ajudar no que for poss\u00edvel no atendimento da comunidade. O Vereador Alfredo deixou claro que iria continuar cobrando da empresa melhorias e que era um aliado para divulgar \u00e0 popula\u00e7\u00e3o as mudan\u00e7as de hor\u00e1rios a serem propostas pela Brasileiro.<\/p>\n<p>&nbsp;<\/p>\n<p>&nbsp;<\/p>\n","protected":false},"excerpt":{"rendered":"<p>Na manh\u00e3 dessa ter\u00e7a-feira (25\/10) aconteceu na sede da C\u00e2mara de Vereadores de Belmonte uma reuni\u00e3o que contou com a presen\u00e7a do Sr. Jucelino Peixoto, Gerente do Grupo Brasileiro. A conversa com a empresa foi convocada pelo Vice-presidente do Legislativo, Alfredo Aberceb, que estava acompanhado do Presidente Aelson Matos (Calango) e do Vereador Rogerio Bahia. [&hellip;]<\/p>\n","protected":false},"author":7,"featured_media":16465,"comment_status":"open","ping_status":"open","sticky":false,"template":"","format":"standard","meta":{"footnotes":""},"categories":[1,7],"tags":[108],"class_list":["post-16462","post","type-post","status-publish","format-standard","has-post-thumbnail","hentry","category-noticias","category-politica","tag-belmonte"],"_links":{"self":[{"href":"https:\/\/www.maisbn.com\/portal\/wp-json\/wp\/v2\/posts\/16462","targetHints":{"allow":["GET"]}}],"collection":[{"href":"https:\/\/www.maisbn.com\/portal\/wp-json\/wp\/v2\/posts"}],"about":[{"href":"https:\/\/www.maisbn.com\/portal\/wp-json\/wp\/v2\/types\/post"}],"author":[{"embeddable":true,"href":"https:\/\/www.maisbn.com\/portal\/wp-json\/wp\/v2\/users\/7"}],"replies":[{"embeddable":true,"href":"https:\/\/www.maisbn.com\/portal\/wp-json\/wp\/v2\/comments?post=16462"}],"version-history":[{"count":2,"href":"https:\/\/www.maisbn.com\/portal\/wp-json\/wp\/v2\/posts\/16462\/revisions"}],"predecessor-version":[{"id":16466,"href":"https:\/\/www.maisbn.com\/portal\/wp-json\/wp\/v2\/posts\/16462\/revisions\/16466"}],"wp:featuredmedia":[{"embeddable":true,"href":"https:\/\/www.maisbn.com\/portal\/wp-json\/wp\/v2\/media\/16465"}],"wp:attachment":[{"href":"https:\/\/www.maisbn.com\/portal\/wp-json\/wp\/v2\/media?parent=16462"}],"wp:term":[{"taxonomy":"category","embeddable":true,"href":"https:\/\/www.maisbn.com\/portal\/wp-json\/wp\/v2\/categories?post=16462"},{"taxonomy":"post_tag","embeddable":true,"href":"https:\/\/www.maisbn.com\/portal\/wp-json\/wp\/v2\/tags?post=16462"}],"curies":[{"name":"wp","href":"https:\/\/api.w.org\/{rel}","templated":true}]}}