{"id":16416,"date":"2017-10-19T15:49:33","date_gmt":"2017-10-19T18:49:33","guid":{"rendered":"http:\/\/www.maisbn.com\/portal\/?p=16416"},"modified":"2017-10-19T15:49:33","modified_gmt":"2017-10-19T18:49:33","slug":"belmontenses-estao-sem-tirar-documentos-por-causa-de-politicagem-e-descaso-da-atual-gestao","status":"publish","type":"post","link":"https:\/\/www.maisbn.com\/portal\/2017\/10\/belmontenses-estao-sem-tirar-documentos-por-causa-de-politicagem-e-descaso-da-atual-gestao\/","title":{"rendered":"Belmontenses est\u00e3o sem tirar documentos por causa de politicagem e descaso da atual gest\u00e3o."},"content":{"rendered":"<p>O setor de emiss\u00e3o de Carteiras de Trabalho e RG n\u00e3o est\u00e1 funcionando em Belmonte e isso est\u00e1 causando transtornos para a popula\u00e7\u00e3o carente que est\u00e1 tendo que pagar lota\u00e7\u00f5es, sair na madrugada, entrar na fila e tentar pegar uma senha para ser atendida nos Sacs de Porto Seguro ou Eun\u00e1polis. Outro problema ainda pior est\u00e1 sendo enfrentado pelas pessoas que tiraram a Carteira de Trabalho na gest\u00e3o anterior porque os atuais servidores locados no setor respons\u00e1vel n\u00e3o s\u00e3o habilitados para fazer a entrega dos documentos aos seus donos e os mesmos n\u00e3o podem tirar a segunda via porque o sistema mostra que existe uma Carteira de Trabalho nova ainda n\u00e3o entregue pelo \u00f3rg\u00e3o. <strong><em>&#8220;Eu estou trabalhando em Porto Seguro e a empresa j\u00e1 est\u00e1 amea\u00e7ando me demitir porque eu n\u00e3o consigo de forma nenhuma pegar minha Carteira de Trabalho. J\u00e1 gastei muito dinheiro de passagem pra vir aqui e estou nessa luta desde o come\u00e7o do ano.&#8221; <\/em><\/strong>&#8211; Comentou uma belmontense revoltada que pediu para n\u00e3o ser identificada por medo de seu depoimento piorar ainda mais a sua situa\u00e7\u00e3o.<\/p>\n<p><a href=\"http:\/\/www.maisbn.com\/portal\/wp-content\/uploads\/2017\/10\/carteirareservistadescaso00002.jpg\"><img loading=\"lazy\" decoding=\"async\" class=\"aligncenter wp-image-16418\" src=\"http:\/\/www.maisbn.com\/portal\/wp-content\/uploads\/2017\/10\/carteirareservistadescaso00002.jpg\" alt=\"carteirareservistadescaso00002\" width=\"601\" height=\"385\" \/><\/a><\/p>\n<p>Com base nas den\u00fancias, nossa equipe foi ao setor respons\u00e1vel pela emiss\u00e3o dos documentos nessa ter\u00e7a-feira (17\/10) e constatamos que existem dois motivos absurdos para o n\u00e3o funcionamento do servi\u00e7o. O primeiro \u00e9 pura picuinha pol\u00edtica, j\u00e1 que, o funcion\u00e1rio que era habilitado e emitia os documentos foi demitido porque n\u00e3o apoiou o grupo pol\u00edtico do prefeito nas elei\u00e7\u00f5es passadas. O segundo \u00e9 o completo descaso e falta de compromisso com a popula\u00e7\u00e3o, j\u00e1 que, o Prefeito Janival Borges se nega a pagar as di\u00e1rias necess\u00e1rias para que os novos servidores lotados fa\u00e7am o curso necess\u00e1rio em Salvador. <strong><em>&#8220;Aqui a falta de compromisso \u00e9 t\u00e3o grande que chegou ao ponto de o Prefeito dizer que n\u00e3o tinha dinheiro e propor aos funcion\u00e1rios para que os mesmos viajassem pra Salvador nas ambul\u00e2ncias que levam os pacientes. Infelizmente estamos vivendo esse absurdo causado por um governo que prometeu que Belmonte voltaria a sorrir.&#8221;<\/em><\/strong><em> &#8211;<\/em> Comentou uma pessoa ligada \u00e0 atual gest\u00e3o que est\u00e1 revoltada com a situa\u00e7\u00e3o humilhante vivida pelos funcion\u00e1rios do setor.<\/p>\n<p><a href=\"http:\/\/www.maisbn.com\/portal\/wp-content\/uploads\/2017\/10\/carteirareservistadescaso00001.jpg\"><img loading=\"lazy\" decoding=\"async\" class=\"aligncenter  wp-image-16421\" src=\"http:\/\/www.maisbn.com\/portal\/wp-content\/uploads\/2017\/10\/carteirareservistadescaso00001.jpg\" alt=\"carteirareservistadescaso00001\" width=\"600\" height=\"385\" \/><\/a><\/p>\n<p>Em conversa com os servidores lotados no local, os mesmos revelaram que o fato j\u00e1 foi passado para o pr\u00f3prio Prefeito Janival Borges desde o in\u00edcio do seu mandato e nada at\u00e9 agora foi feito. Questionada, a funcion\u00e1ria Carolina Damasceno informou \u00e0 nossa equipe que tem todos os of\u00edcios enviados \u00e0 Prefeitura de Belmonte, a mesma nos informou tamb\u00e9m que j\u00e1 conversou pessoalmente com o Prefeito, tentou ver se era poss\u00edvel fazer o curso em alguma cidade vizinha e at\u00e9 o momento nada foi resolvido. <strong><em>&#8220;Eu queria ver se fazia o curso em Porto Seguro ou Eun\u00e1polis. Ficaria mais f\u00e1cil e o custo ficaria menor, mas isso n\u00e3o \u00e9 poss\u00edvel. N\u00f3s ainda marcamos v\u00e1rias vezes datas para fazer esse curso em Salvador, mas n\u00e3o comparecemos porque a Prefeitura n\u00e3o nos fornece as di\u00e1rias para viajarmos. Agora nada se resolve e ainda temos que ouvir desaforos das pessoas que v\u00eam buscar os seus documentos e n\u00e3o podemos entregar porque o setor n\u00e3o est\u00e1 funcionado.&#8221;<\/em> <\/strong>&#8211; Comentou Carolina.<\/p>\n<p><a href=\"http:\/\/www.maisbn.com\/portal\/wp-content\/uploads\/2017\/10\/mosaico_reservista.jpg\"><img loading=\"lazy\" decoding=\"async\" class=\"aligncenter size-full wp-image-16422\" src=\"http:\/\/www.maisbn.com\/portal\/wp-content\/uploads\/2017\/10\/mosaico_reservista.jpg\" alt=\"mosaico_reservista\" width=\"700\" height=\"450\" \/><\/a><\/p>\n<p>Pelo menos as emiss\u00f5es de Carteiras Reservistas e a concess\u00e3o de empr\u00e9stimos pelo CREDBAHIA est\u00e3o funcionando, mesmo com toda a precariedade, j\u00e1 que, o local n\u00e3o oferece nenhuma estrutura para os funcion\u00e1rios trabalharem. O ar-condicionado antigo n\u00e3o funciona, o banheiro est\u00e1 com defeito, muitas pingueiras quando chove e at\u00e9 o teto est\u00e1 querendo voar quando bate fortes ventos. <strong><em>&#8220;Esses dias eu tive que mijar dentro do vaso do lixo e depois jogar fora porque o banheiro dispon\u00edvel n\u00e3o tem qualquer condi\u00e7\u00e3o de uso. Quando faz calor n\u00e3o tem como trabalhar aqui porque o aparelho de ar condicionado \u00e9 velho e n\u00e3o d\u00e1 conta. O ambiente ficar insuport\u00e1vel nos dias quentes. Tudo isso foi passado para a Prefeitura. Eles sabem de tudo o que est\u00e1 acontecendo aqui.&#8221;<\/em><\/strong> &#8211; Comentou um dos funcion\u00e1rios.<\/p>\n<p>A nossa reda\u00e7\u00e3o tentou contato via telefone com a Prefeitura Municipal de Belmonte para se discutir o caso, mas, at\u00e9 o fechamento dessa reportagem, nenhuma de nossas liga\u00e7\u00f5es foram retornadas.<\/p>\n","protected":false},"excerpt":{"rendered":"<p>O setor de emiss\u00e3o de Carteiras de Trabalho e RG n\u00e3o est\u00e1 funcionando em Belmonte e isso est\u00e1 causando transtornos para a popula\u00e7\u00e3o carente que est\u00e1 tendo que pagar lota\u00e7\u00f5es, sair na madrugada, entrar na fila e tentar pegar uma senha para ser atendida nos Sacs de Porto Seguro ou Eun\u00e1polis. Outro problema ainda pior [&hellip;]<\/p>\n","protected":false},"author":7,"featured_media":16418,"comment_status":"open","ping_status":"open","sticky":false,"template":"","format":"standard","meta":{"footnotes":""},"categories":[45,1],"tags":[108],"class_list":["post-16416","post","type-post","status-publish","format-standard","has-post-thumbnail","hentry","category-cidades","category-noticias","tag-belmonte"],"_links":{"self":[{"href":"https:\/\/www.maisbn.com\/portal\/wp-json\/wp\/v2\/posts\/16416","targetHints":{"allow":["GET"]}}],"collection":[{"href":"https:\/\/www.maisbn.com\/portal\/wp-json\/wp\/v2\/posts"}],"about":[{"href":"https:\/\/www.maisbn.com\/portal\/wp-json\/wp\/v2\/types\/post"}],"author":[{"embeddable":true,"href":"https:\/\/www.maisbn.com\/portal\/wp-json\/wp\/v2\/users\/7"}],"replies":[{"embeddable":true,"href":"https:\/\/www.maisbn.com\/portal\/wp-json\/wp\/v2\/comments?post=16416"}],"version-history":[{"count":4,"href":"https:\/\/www.maisbn.com\/portal\/wp-json\/wp\/v2\/posts\/16416\/revisions"}],"predecessor-version":[{"id":16425,"href":"https:\/\/www.maisbn.com\/portal\/wp-json\/wp\/v2\/posts\/16416\/revisions\/16425"}],"wp:featuredmedia":[{"embeddable":true,"href":"https:\/\/www.maisbn.com\/portal\/wp-json\/wp\/v2\/media\/16418"}],"wp:attachment":[{"href":"https:\/\/www.maisbn.com\/portal\/wp-json\/wp\/v2\/media?parent=16416"}],"wp:term":[{"taxonomy":"category","embeddable":true,"href":"https:\/\/www.maisbn.com\/portal\/wp-json\/wp\/v2\/categories?post=16416"},{"taxonomy":"post_tag","embeddable":true,"href":"https:\/\/www.maisbn.com\/portal\/wp-json\/wp\/v2\/tags?post=16416"}],"curies":[{"name":"wp","href":"https:\/\/api.w.org\/{rel}","templated":true}]}}