{"id":16413,"date":"2017-10-17T15:01:30","date_gmt":"2017-10-17T18:01:30","guid":{"rendered":"http:\/\/www.maisbn.com\/portal\/?p=16413"},"modified":"2017-10-17T15:01:30","modified_gmt":"2017-10-17T18:01:30","slug":"veracel-celulose-divulga-edital-para-contratacao-de-viveirista-florestal","status":"publish","type":"post","link":"https:\/\/www.maisbn.com\/portal\/2017\/10\/veracel-celulose-divulga-edital-para-contratacao-de-viveirista-florestal\/","title":{"rendered":"Veracel Celulose divulga edital para contrata\u00e7\u00e3o de Viveirista Florestal."},"content":{"rendered":"<p><a href=\"http:\/\/www.maisbn.com\/portal\/wp-content\/uploads\/2017\/10\/veracel_zz137900bcbc.jpg\"><img loading=\"lazy\" decoding=\"async\" class=\"aligncenter  wp-image-16414\" src=\"http:\/\/www.maisbn.com\/portal\/wp-content\/uploads\/2017\/10\/veracel_zz137900bcbc.jpg\" alt=\"veracel_zz137900bcbc\" width=\"600\" height=\"344\" \/><\/a><\/p>\n<p>Para se candidatar, \u00e9 necess\u00e1rio possuir ensino fundamental I completo (antiga 1\u00aa a 4\u00aa s\u00e9rie) e viv\u00eancia comprovada em atividades rurais.<\/p>\n<p>Os interessados devem cadastrar curr\u00edculo at\u00e9 o dia <strong>25\/10\/2017<\/strong>, acessando o site <a href=\"http:\/\/www.veracel.com.br\" data-saferedirecturl=\"https:\/\/www.google.com\/url?hl=pt-BR&amp;q=http:\/\/www.veracel.com.br&amp;source=gmail&amp;ust=1508349455293000&amp;usg=AFQjCNEyBu6zDHvd_5BULlhTbNkjVDMDJw\">www.veracel.com.br<\/a>. Localize a op\u00e7\u00e3o Trabalhe Conosco \u2013&gt; Clique em Conhe\u00e7a as nossas vagas \u2013 Clique no t\u00edtulo da vaga para ter acesso \u00e0s informa\u00e7\u00f5es detalhadas e como candidatar-se \u2013 Depois, clique em Candidatura. A candidatura \u00e0 vaga s\u00f3 \u00e9 poss\u00edvel ap\u00f3s o cadastro das informa\u00e7\u00f5es no site.<\/p>\n<p>Lembramos que a Veracel \u00e9 uma empresa que se preocupa com a inclus\u00e3o. Todas as vagas tamb\u00e9m s\u00e3o destinadas a candidatos com defici\u00eancias.<\/p>\n","protected":false},"excerpt":{"rendered":"<p>Para se candidatar, \u00e9 necess\u00e1rio possuir ensino fundamental I completo (antiga 1\u00aa a 4\u00aa s\u00e9rie) e viv\u00eancia comprovada em atividades rurais. Os interessados devem cadastrar curr\u00edculo at\u00e9 o dia 25\/10\/2017, acessando o site www.veracel.com.br. Localize a op\u00e7\u00e3o Trabalhe Conosco \u2013&gt; Clique em Conhe\u00e7a as nossas vagas \u2013 Clique no t\u00edtulo da vaga para ter acesso [&hellip;]<\/p>\n","protected":false},"author":7,"featured_media":16414,"comment_status":"open","ping_status":"open","sticky":false,"template":"","format":"standard","meta":{"footnotes":""},"categories":[9,1],"tags":[108],"class_list":["post-16413","post","type-post","status-publish","format-standard","has-post-thumbnail","hentry","category-concursos-oportunidades","category-noticias","tag-belmonte"],"_links":{"self":[{"href":"https:\/\/www.maisbn.com\/portal\/wp-json\/wp\/v2\/posts\/16413","targetHints":{"allow":["GET"]}}],"collection":[{"href":"https:\/\/www.maisbn.com\/portal\/wp-json\/wp\/v2\/posts"}],"about":[{"href":"https:\/\/www.maisbn.com\/portal\/wp-json\/wp\/v2\/types\/post"}],"author":[{"embeddable":true,"href":"https:\/\/www.maisbn.com\/portal\/wp-json\/wp\/v2\/users\/7"}],"replies":[{"embeddable":true,"href":"https:\/\/www.maisbn.com\/portal\/wp-json\/wp\/v2\/comments?post=16413"}],"version-history":[{"count":1,"href":"https:\/\/www.maisbn.com\/portal\/wp-json\/wp\/v2\/posts\/16413\/revisions"}],"predecessor-version":[{"id":16415,"href":"https:\/\/www.maisbn.com\/portal\/wp-json\/wp\/v2\/posts\/16413\/revisions\/16415"}],"wp:featuredmedia":[{"embeddable":true,"href":"https:\/\/www.maisbn.com\/portal\/wp-json\/wp\/v2\/media\/16414"}],"wp:attachment":[{"href":"https:\/\/www.maisbn.com\/portal\/wp-json\/wp\/v2\/media?parent=16413"}],"wp:term":[{"taxonomy":"category","embeddable":true,"href":"https:\/\/www.maisbn.com\/portal\/wp-json\/wp\/v2\/categories?post=16413"},{"taxonomy":"post_tag","embeddable":true,"href":"https:\/\/www.maisbn.com\/portal\/wp-json\/wp\/v2\/tags?post=16413"}],"curies":[{"name":"wp","href":"https:\/\/api.w.org\/{rel}","templated":true}]}}