{"id":16402,"date":"2017-10-16T22:29:58","date_gmt":"2017-10-17T01:29:58","guid":{"rendered":"http:\/\/www.maisbn.com\/portal\/?p=16402"},"modified":"2017-10-16T22:37:28","modified_gmt":"2017-10-17T01:37:28","slug":"motorista-do-carro-do-lixo-acidentado-em-belmonte-nao-tinha-habilitacao-adequada","status":"publish","type":"post","link":"https:\/\/www.maisbn.com\/portal\/2017\/10\/motorista-do-carro-do-lixo-acidentado-em-belmonte-nao-tinha-habilitacao-adequada\/","title":{"rendered":"Motorista do Carro do Lixo acidentado em Belmonte n\u00e3o tinha habilita\u00e7\u00e3o adequada."},"content":{"rendered":"<p>Infelizmente o atraso de 03 meses de pagamento n\u00e3o foi o \u00fanico problema encontrado no acidente do caminh\u00e3o compactador placa\u00a0HGB \u2013 5578 que fazia a coleta de lixo em Barrol\u00e2ndia e tombou pr\u00f3ximo ao povoado de Petrol\u00e2ndia na \u00faltima quarta-feira (11\/1o). Nossa equipe apurou que o motorista que conduzia o caminh\u00e3o no dia do acidente n\u00e3o tinha habilita\u00e7\u00e3o para trabalhar com o ve\u00edculo. Um levantamento feito por nossa reportagem constatou que o motorista Jeverson Fernandes Guimar\u00e3es (29 anos) tem a categoria A-B, sendo que, a primeira habilita\u00e7\u00e3o foi emitida em junho do ano passado. Jeverson tinha apenas 04 meses que tinha sa\u00eddo da Permiss\u00e3o Provis\u00f3ria para a Carteira Nacional de Habilita\u00e7\u00e3o definitiva e n\u00e3o tinha experi\u00eancia para conduzir o caminh\u00e3o compactador envolvido no acidente.<\/p>\n<p><a href=\"http:\/\/www.maisbn.com\/portal\/wp-content\/uploads\/2017\/10\/mosaico_acidentelixo.jpg\"><img loading=\"lazy\" decoding=\"async\" class=\"aligncenter wp-image-16383\" src=\"http:\/\/www.maisbn.com\/portal\/wp-content\/uploads\/2017\/10\/mosaico_acidentelixo.jpg\" alt=\"mosaico_acidentelixo\" width=\"600\" height=\"386\" \/><\/a><\/p>\n<p>No momento do acidente a habilita\u00e7\u00e3o do condutor n\u00e3o foi apresentada aos policiais que fizeram a ocorr\u00eancia e nem estava no ve\u00edculo acidentado. Uma informa\u00e7\u00e3o conseguida por nossa reportagem consta que pessoas ligadas \u00e0 Prefeitura de Belmonte tentaram esconder a infra\u00e7\u00e3o para evitar mais um desgaste para a atual gest\u00e3o.<\/p>\n<p><a href=\"http:\/\/www.maisbn.com\/portal\/wp-content\/uploads\/2017\/10\/mosaico_acidente02.jpg\"><img loading=\"lazy\" decoding=\"async\" class=\"aligncenter wp-image-16387\" src=\"http:\/\/www.maisbn.com\/portal\/wp-content\/uploads\/2017\/10\/mosaico_acidente02.jpg\" alt=\"mosaico_acidente02\" width=\"600\" height=\"386\" \/><\/a><\/p>\n<p>Uma pessoa, que trabalha na coleta de lixo em Barrol\u00e2ndia e pediu para n\u00e3o ser identificada, comentou que a administra\u00e7\u00e3o do distrito sabia que o condutor n\u00e3o era habilitado para a fun\u00e7\u00e3o. Essa pessoa ainda informou que o motorista antigo e habilitado tinha pedido demiss\u00e3o porque n\u00e3o aceitava receber apenas um sal\u00e1rio m\u00ednimo para efetuar o servi\u00e7o. A nossa fonte revelou que o motorista que estava dirigindo na hora do acidente na verdade exercia a fun\u00e7\u00e3o de gari e tinha assumido o volante indevidamente para a coleta de lixo n\u00e3o ser prejudicada. &#8220;<strong>O cara tav<em>a dirigindo pra quebrar o galho e para a coleta de lixo n\u00e3o parar. Eles n\u00e3o queriam pagar o sal\u00e1rio certo e esse foi o \u00fanico jeito. Infelizmente aconteceu esse acidente e ainda bem que ningu\u00e9m morreu.&#8221;<\/em> <\/strong>&#8211; Comentou a nossa fonte.<\/p>\n<p>De acordo com o C\u00f3digo de Tr\u00e2nsito Brasileiro, o motorista est\u00e1 sujeito a perder o direito de dirigir e a empresa poder\u00e1 pagar multa por permitir a infra\u00e7\u00e3o e ainda ter\u00e1 dificuldades para acionar o seguro particular e o DPVAT.<\/p>\n","protected":false},"excerpt":{"rendered":"<p>Infelizmente o atraso de 03 meses de pagamento n\u00e3o foi o \u00fanico problema encontrado no acidente do caminh\u00e3o compactador placa\u00a0HGB \u2013 5578 que fazia a coleta de lixo em Barrol\u00e2ndia e tombou pr\u00f3ximo ao povoado de Petrol\u00e2ndia na \u00faltima quarta-feira (11\/1o). Nossa equipe apurou que o motorista que conduzia o caminh\u00e3o no dia do acidente [&hellip;]<\/p>\n","protected":false},"author":7,"featured_media":16387,"comment_status":"open","ping_status":"open","sticky":false,"template":"","format":"standard","meta":{"footnotes":""},"categories":[198,1],"tags":[108],"class_list":["post-16402","post","type-post","status-publish","format-standard","has-post-thumbnail","hentry","category-acidente","category-noticias","tag-belmonte"],"_links":{"self":[{"href":"https:\/\/www.maisbn.com\/portal\/wp-json\/wp\/v2\/posts\/16402","targetHints":{"allow":["GET"]}}],"collection":[{"href":"https:\/\/www.maisbn.com\/portal\/wp-json\/wp\/v2\/posts"}],"about":[{"href":"https:\/\/www.maisbn.com\/portal\/wp-json\/wp\/v2\/types\/post"}],"author":[{"embeddable":true,"href":"https:\/\/www.maisbn.com\/portal\/wp-json\/wp\/v2\/users\/7"}],"replies":[{"embeddable":true,"href":"https:\/\/www.maisbn.com\/portal\/wp-json\/wp\/v2\/comments?post=16402"}],"version-history":[{"count":3,"href":"https:\/\/www.maisbn.com\/portal\/wp-json\/wp\/v2\/posts\/16402\/revisions"}],"predecessor-version":[{"id":16405,"href":"https:\/\/www.maisbn.com\/portal\/wp-json\/wp\/v2\/posts\/16402\/revisions\/16405"}],"wp:featuredmedia":[{"embeddable":true,"href":"https:\/\/www.maisbn.com\/portal\/wp-json\/wp\/v2\/media\/16387"}],"wp:attachment":[{"href":"https:\/\/www.maisbn.com\/portal\/wp-json\/wp\/v2\/media?parent=16402"}],"wp:term":[{"taxonomy":"category","embeddable":true,"href":"https:\/\/www.maisbn.com\/portal\/wp-json\/wp\/v2\/categories?post=16402"},{"taxonomy":"post_tag","embeddable":true,"href":"https:\/\/www.maisbn.com\/portal\/wp-json\/wp\/v2\/tags?post=16402"}],"curies":[{"name":"wp","href":"https:\/\/api.w.org\/{rel}","templated":true}]}}