{"id":16349,"date":"2017-10-06T09:05:23","date_gmt":"2017-10-06T12:05:23","guid":{"rendered":"http:\/\/www.maisbn.com\/portal\/?p=16349"},"modified":"2017-10-06T09:05:23","modified_gmt":"2017-10-06T12:05:23","slug":"pc-do-b-realiza-conferencia-para-escolher-nova-diretoria-e-discutir-o-cenario-politico-de-belmonte","status":"publish","type":"post","link":"https:\/\/www.maisbn.com\/portal\/2017\/10\/pc-do-b-realiza-conferencia-para-escolher-nova-diretoria-e-discutir-o-cenario-politico-de-belmonte\/","title":{"rendered":"PC do B realiza confer\u00eancia para escolher nova diretoria e discutir o cen\u00e1rio pol\u00edtico de Belmonte."},"content":{"rendered":"<p>No dia 03 de outubro foi realizada em Belmonte na sede da C\u00e2mara de Vereadores da cidade, a confer\u00eancia do PC do B, partido que vem se destacando pela organiza\u00e7\u00e3o e uni\u00e3o sempre buscando uma postura pol\u00edtica diferenciada para retirar o estigma de que a pol\u00edtica \u00e9 algo ruim. O Presidente reeleito, o Sr\u00ba Rodrigo Silva Martins, aproveitou o momento para relatar que o problema n\u00e3o \u00e9 a pol\u00edtica, e sim, os v\u00edcios e mazelas institucionalizadas que atrapalham o bom desempenho de projetos pol\u00edticos diferenciados. Rogerio Bahia, Vereador eleito pela legenda e participante da nova dire\u00e7\u00e3o, colocou que \u00e9 importante uma representatividade pol\u00edtica que represente uma postura de esperan\u00e7a para a comunidade. <strong><em>&#8220;N\u00f3s temos uma pol\u00edtica diferenciada e isso se faz com atitude e respeito \u00e0 popula\u00e7\u00e3o.&#8221;<\/em><\/strong> &#8211; Finalizou Rog\u00e9rio.<\/p>\n<p><a href=\"http:\/\/www.maisbn.com\/portal\/wp-content\/uploads\/2017\/10\/reuniaopcdob00002.jpg\"><img loading=\"lazy\" decoding=\"async\" class=\"aligncenter  wp-image-16350\" src=\"http:\/\/www.maisbn.com\/portal\/wp-content\/uploads\/2017\/10\/reuniaopcdob00002.jpg\" alt=\"reuniaopcdob00002\" width=\"600\" height=\"385\" \/><\/a><\/p>\n<p>A discuss\u00e3o se acirrou quando foi colocado o tema da demiss\u00e3o do Candidato a Vereador nas ultimas elei\u00e7\u00e3o, o Sr\u00ba William Souza Oliveira, conhecido como Kitute. Foi un\u00e2nime o posicionamento do grupo em n\u00e3o aceitar a maneira que o processo foi feito. <strong><em>\u201cO maior problema da pol\u00edtica no interior \u00e9 quando um partido consegue se organizar a ponto de influenciar no resultado de uma elei\u00e7\u00e3o majorit\u00e1ria, as pessoas n\u00e3o est\u00e3o acostumadas com isso. Foi dessa maneira que chegamos para fazermos uma coliga\u00e7\u00e3o aonde t\u00ednhamos 07 candidatos, conseguimos quase 800 votos e um vereador eleito. Sabedoria \u00e9 necess\u00e1ria para avaliar articula\u00e7\u00e3o pol\u00edtica e n\u00e3o confundirmos com imagem pol\u00edtica. Digo que o candidato ou partido coeso \u00e9 quando consegue agregar essas duas coisas: Articular e ter uma boa imagem pol\u00edtica. Esse dois itens o PC do B conseguiu fazer.&#8221;<\/em> <\/strong>&#8211; Abordou o Presidente Rodrigo Martins.<\/p>\n<p><a href=\"http:\/\/www.maisbn.com\/portal\/wp-content\/uploads\/2017\/10\/reuniaopcdob00005.jpg\"><img loading=\"lazy\" decoding=\"async\" class=\"aligncenter  wp-image-16351\" src=\"http:\/\/www.maisbn.com\/portal\/wp-content\/uploads\/2017\/10\/reuniaopcdob00005.jpg\" alt=\"reuniaopcdob00005\" width=\"600\" height=\"385\" \/><\/a><\/p>\n<p>O Deputado Federal Davdson Magalh\u00e3es tamb\u00e9m foi lembrado durante a reuni\u00e3o e foi ressaltada a postura s\u00e9ria e correta que o parlamentar vem representando a regi\u00e3o. A nova diretoria do PC do B empossou a nova diretoria que ficou com a seguinte formata\u00e7\u00e3o:<\/p>\n<p><strong><em>Presidente: Rodrigo Silva Martins<\/em><\/strong><br \/>\n<strong><em>Vice &#8211; Presidente: Rog\u00e9rio da Silva Bahia<\/em><\/strong><br \/>\n<strong><em>Secret\u00e1rio de Organiza\u00e7\u00e3o: Helton Matos De Menezes <\/em><\/strong><br \/>\n<strong><em>Secret\u00e1rio a\u00e7\u00e3o pol\u00edtica: William Souza Oliveira <\/em><\/strong><br \/>\n<strong><em>Secret\u00e1rio de Finan\u00e7as: Luciano Barros Nascimento de Oliveira <\/em><\/strong><br \/>\n<strong><em>Membros: Elcio Tito Silva J\u00fanior<\/em><\/strong><br \/>\n<strong><em>Membros: Jacson Ramos Guimar\u00e3es<\/em><\/strong><\/p>\n","protected":false},"excerpt":{"rendered":"<p>No dia 03 de outubro foi realizada em Belmonte na sede da C\u00e2mara de Vereadores da cidade, a confer\u00eancia do PC do B, partido que vem se destacando pela organiza\u00e7\u00e3o e uni\u00e3o sempre buscando uma postura pol\u00edtica diferenciada para retirar o estigma de que a pol\u00edtica \u00e9 algo ruim. O Presidente reeleito, o Sr\u00ba Rodrigo [&hellip;]<\/p>\n","protected":false},"author":7,"featured_media":16352,"comment_status":"open","ping_status":"open","sticky":false,"template":"","format":"standard","meta":{"footnotes":""},"categories":[1,7],"tags":[108],"class_list":["post-16349","post","type-post","status-publish","format-standard","has-post-thumbnail","hentry","category-noticias","category-politica","tag-belmonte"],"_links":{"self":[{"href":"https:\/\/www.maisbn.com\/portal\/wp-json\/wp\/v2\/posts\/16349","targetHints":{"allow":["GET"]}}],"collection":[{"href":"https:\/\/www.maisbn.com\/portal\/wp-json\/wp\/v2\/posts"}],"about":[{"href":"https:\/\/www.maisbn.com\/portal\/wp-json\/wp\/v2\/types\/post"}],"author":[{"embeddable":true,"href":"https:\/\/www.maisbn.com\/portal\/wp-json\/wp\/v2\/users\/7"}],"replies":[{"embeddable":true,"href":"https:\/\/www.maisbn.com\/portal\/wp-json\/wp\/v2\/comments?post=16349"}],"version-history":[{"count":2,"href":"https:\/\/www.maisbn.com\/portal\/wp-json\/wp\/v2\/posts\/16349\/revisions"}],"predecessor-version":[{"id":16354,"href":"https:\/\/www.maisbn.com\/portal\/wp-json\/wp\/v2\/posts\/16349\/revisions\/16354"}],"wp:featuredmedia":[{"embeddable":true,"href":"https:\/\/www.maisbn.com\/portal\/wp-json\/wp\/v2\/media\/16352"}],"wp:attachment":[{"href":"https:\/\/www.maisbn.com\/portal\/wp-json\/wp\/v2\/media?parent=16349"}],"wp:term":[{"taxonomy":"category","embeddable":true,"href":"https:\/\/www.maisbn.com\/portal\/wp-json\/wp\/v2\/categories?post=16349"},{"taxonomy":"post_tag","embeddable":true,"href":"https:\/\/www.maisbn.com\/portal\/wp-json\/wp\/v2\/tags?post=16349"}],"curies":[{"name":"wp","href":"https:\/\/api.w.org\/{rel}","templated":true}]}}