{"id":16339,"date":"2017-10-04T23:20:04","date_gmt":"2017-10-05T02:20:04","guid":{"rendered":"http:\/\/www.maisbn.com\/portal\/?p=16339"},"modified":"2017-10-04T23:20:04","modified_gmt":"2017-10-05T02:20:04","slug":"vereador-alfredo-cria-mais-uma-linha-de-comunicacao-com-a-comunidade","status":"publish","type":"post","link":"https:\/\/www.maisbn.com\/portal\/2017\/10\/vereador-alfredo-cria-mais-uma-linha-de-comunicacao-com-a-comunidade\/","title":{"rendered":"Vereador Alfredo cria mais uma linha de comunica\u00e7\u00e3o com a comunidade."},"content":{"rendered":"<div id=\"attachment_13890\" style=\"width: 610px\" class=\"wp-caption aligncenter\"><a href=\"http:\/\/www.maisbn.com\/portal\/wp-content\/uploads\/2017\/02\/vereador_alfredo001.jpg\"><img loading=\"lazy\" decoding=\"async\" aria-describedby=\"caption-attachment-13890\" class=\" wp-image-13890\" src=\"http:\/\/www.maisbn.com\/portal\/wp-content\/uploads\/2017\/02\/vereador_alfredo001.jpg\" alt=\"Vereador Alfredo Aberceb.\" width=\"600\" height=\"380\" \/><\/a><p id=\"caption-attachment-13890\" class=\"wp-caption-text\">Vereador Alfredo Aberceb.<\/p><\/div>\n<p>O Vice-presidente do Legislativo de Belmonte e Vereador Alfredo Aberceb comemorou nessa semana o primeiro ano de participa\u00e7\u00e3o no legislativo belmontense. O edil aproveitou para mandar uma mensagem nas redes sociais agradecendo ao povo de Belmonte e aos amigos que sempre estiveram com ele trilhando essa importante caminhada.<\/p>\n<p>Em conversa com nossa equipe o vereador agradeceu a Deus por essa conquista e pelo est\u00edmulo e for\u00e7a que garantiram um bom desempenho no primeiro ano dessa caminhada. <strong><em>&#8220;Essa legislatura \u00e9 a mais desafiadora da hist\u00f3ria de Belmonte porque hoje o povo cobra do legislativo e \u00e9 preciso sabedoria da nossa parte para poder atender as demandas da nossa comunidade. Eu s\u00f3 tenho a agradecer ao povo de Belmonte por ter me acolhido e ter confiado em min para representa-los e \u00e9 meu compromisso lutar de todas as formas poss\u00edveis para trazer melhorias para a nossa amada Belmonte.&#8221; <\/em><\/strong>&#8211; Comentou o nobre Vereador.<\/p>\n<p>Tamb\u00e9m nessa semana, para implementar as suas a\u00e7\u00f5es junto \u00e0 comunidade, o Vereador Alfredo disponibilizou ao povo belmontense um n\u00famero de telefone que estar\u00e1 \u00e0 disposi\u00e7\u00e3o da popula\u00e7\u00e3o para o contato com o mesmos e toda a sua equipe. <em><strong>&#8220;Esse n\u00famero de celular ser\u00e1 a minha linha direta com a comunidade. Tenho toda uma equipe empenhada nesse trabalho e acredito que atrav\u00e9s desse canal de comunica\u00e7\u00e3o eu poderei dar uma maior aten\u00e7\u00e3o ao nosso povo e ajudar as pessoas de uma forma mais r\u00e1pida e efetiva. &#8220;<\/strong><\/em> &#8211; Finalizou Alfredo.<\/p>\n<p>O n\u00famero \u00e9 <strong>(73) 99802-1171<\/strong> e al\u00e9m dessa linha direta Alfredo ainda informa que pode ser encontrado em seu gabinete na C\u00e2mara de Vereadores de Belmonte onde o mesmo est\u00e1 todos os dias atendendo ao p\u00fablico em geral.<\/p>\n<p>&nbsp;<\/p>\n","protected":false},"excerpt":{"rendered":"<p>O Vice-presidente do Legislativo de Belmonte e Vereador Alfredo Aberceb comemorou nessa semana o primeiro ano de participa\u00e7\u00e3o no legislativo belmontense. O edil aproveitou para mandar uma mensagem nas redes sociais agradecendo ao povo de Belmonte e aos amigos que sempre estiveram com ele trilhando essa importante caminhada. Em conversa com nossa equipe o vereador [&hellip;]<\/p>\n","protected":false},"author":7,"featured_media":13890,"comment_status":"open","ping_status":"open","sticky":false,"template":"","format":"standard","meta":{"footnotes":""},"categories":[1,7],"tags":[108],"class_list":["post-16339","post","type-post","status-publish","format-standard","has-post-thumbnail","hentry","category-noticias","category-politica","tag-belmonte"],"_links":{"self":[{"href":"https:\/\/www.maisbn.com\/portal\/wp-json\/wp\/v2\/posts\/16339","targetHints":{"allow":["GET"]}}],"collection":[{"href":"https:\/\/www.maisbn.com\/portal\/wp-json\/wp\/v2\/posts"}],"about":[{"href":"https:\/\/www.maisbn.com\/portal\/wp-json\/wp\/v2\/types\/post"}],"author":[{"embeddable":true,"href":"https:\/\/www.maisbn.com\/portal\/wp-json\/wp\/v2\/users\/7"}],"replies":[{"embeddable":true,"href":"https:\/\/www.maisbn.com\/portal\/wp-json\/wp\/v2\/comments?post=16339"}],"version-history":[{"count":1,"href":"https:\/\/www.maisbn.com\/portal\/wp-json\/wp\/v2\/posts\/16339\/revisions"}],"predecessor-version":[{"id":16340,"href":"https:\/\/www.maisbn.com\/portal\/wp-json\/wp\/v2\/posts\/16339\/revisions\/16340"}],"wp:featuredmedia":[{"embeddable":true,"href":"https:\/\/www.maisbn.com\/portal\/wp-json\/wp\/v2\/media\/13890"}],"wp:attachment":[{"href":"https:\/\/www.maisbn.com\/portal\/wp-json\/wp\/v2\/media?parent=16339"}],"wp:term":[{"taxonomy":"category","embeddable":true,"href":"https:\/\/www.maisbn.com\/portal\/wp-json\/wp\/v2\/categories?post=16339"},{"taxonomy":"post_tag","embeddable":true,"href":"https:\/\/www.maisbn.com\/portal\/wp-json\/wp\/v2\/tags?post=16339"}],"curies":[{"name":"wp","href":"https:\/\/api.w.org\/{rel}","templated":true}]}}