{"id":16334,"date":"2017-10-04T22:55:27","date_gmt":"2017-10-05T01:55:27","guid":{"rendered":"http:\/\/www.maisbn.com\/portal\/?p=16334"},"modified":"2017-10-04T22:55:27","modified_gmt":"2017-10-05T01:55:27","slug":"comandante-do-8o-batalhao-apresenta-a-belmonte-os-resultados-das-operacoes-da-policia-militar","status":"publish","type":"post","link":"https:\/\/www.maisbn.com\/portal\/2017\/10\/comandante-do-8o-batalhao-apresenta-a-belmonte-os-resultados-das-operacoes-da-policia-militar\/","title":{"rendered":"Comandante do 8\u00ba Batalh\u00e3o apresenta a Belmonte os resultados das opera\u00e7\u00f5es da Pol\u00edcia Militar."},"content":{"rendered":"<p>A C\u00e2mara de Vereadores de Belmonte recebeu na \u00faltima segunda-feira (02\/10) a ilustre visita do Major Anacleto Fran\u00e7a, comandante do 8\u00ba Batalh\u00e3o de Policia Militar de Porto Seguro ao qual o policiamento de Belmonte \u00e9 subordinado. O oficial veio \u00e0 sess\u00e3o do legislativo belmontense com o objetivo de apresentar \u00e0 comunidade os trabalhos da corpora\u00e7\u00e3o no \u00e2mbito de prote\u00e7\u00e3o da comunidade, bem como, os resultados positivos das interven\u00e7\u00f5es feitas pela Pol\u00edcia Militar que resultou em uma maior seguran\u00e7a para os belmontenses durante o ano de 2017.<\/p>\n<p><a href=\"http:\/\/www.maisbn.com\/portal\/wp-content\/uploads\/2017\/10\/major.jpg\"><img loading=\"lazy\" decoding=\"async\" class=\"aligncenter  wp-image-16336\" src=\"http:\/\/www.maisbn.com\/portal\/wp-content\/uploads\/2017\/10\/major.jpg\" alt=\"major\" width=\"600\" height=\"451\" \/><\/a><\/p>\n<p>O Major Fran\u00e7a iniciou sua fala explicando que o objetivo da Pol\u00edcia Militar \u00e9 a preven\u00e7\u00e3o do delito atrav\u00e9s da presen\u00e7a ostensiva com viaturas e policiais devidamente fardados nas ruas, fato que \u00e9 totalmente diferente da Pol\u00edcia Civil que faz as investiga\u00e7\u00f5es e tem a responsabilidade de procurar a solu\u00e7\u00e3o dos crimes, apontar os respons\u00e1veis e desenvolver a\u00e7\u00f5es para capturar os mesmos.<\/p>\n<p>O Major reconheceu as dificuldades estruturais da corpora\u00e7\u00e3o e comentou que, mesmo assim, a Pol\u00edcia Militar vem apresentando um trabalho de excel\u00eancia junto \u00e0 comunidade. Para ilustrar o que estava falando, o comandante apresentou os resultados das interven\u00e7\u00f5es policiais durante o ano de 2017 que acabaram prendendo 02 pessoas por furto, 09 pessoas por envolvimento com drogas, 03 pessoas por porte de arma de fogo e 05 pessoas por les\u00e3o corporal.<\/p>\n<p><a href=\"http:\/\/www.maisbn.com\/portal\/wp-content\/uploads\/2017\/10\/majorfranca00002.jpg\"><img loading=\"lazy\" decoding=\"async\" class=\"aligncenter  wp-image-16335\" src=\"http:\/\/www.maisbn.com\/portal\/wp-content\/uploads\/2017\/10\/majorfranca00002.jpg\" alt=\"majorfranca00002\" width=\"600\" height=\"385\" \/><\/a><\/p>\n<p>Major Fran\u00e7a ainda apresentou como resultado o n\u00famero de 7.000 abordagem a pessoas em todo o munic\u00edpio durante todo o ano de 2017, bem como, 600 abordagens a estabelecimentos comerciais, 2.400 abordagem a carros, 1710 abordagens \u00e0 motocicletas, 33 motocicletas e 21 carros notificados por infra\u00e7\u00f5es de tr\u00e2nsito, apreens\u00e3o de 13 carros e recupera\u00e7\u00e3o de 06 ve\u00edculos roubados. <strong><em>&#8220;Os dados desse ano servem para mostrar que a Pol\u00edcia Militar n\u00e3o est\u00e1 parada e temos feito o nosso papel perante \u00e0 comunidade.&#8221;<\/em><\/strong> &#8211; Comentou o Major Fran\u00e7a.<\/p>\n<p>O comandante ainda abordou o aumento da taxa de homic\u00eddios em Belmonte nesse ano que chamou a aten\u00e7\u00e3o at\u00e9 do Governador Rui Costa. O Major colocou que, diante disso, a Pol\u00edcia Militar adotou diversas estrat\u00e9gias para reverter esse fato e implementou diversas opera\u00e7\u00f5es para refor\u00e7ar o policiamento. <strong><em>&#8220;Desde o m\u00eas de maio estamos realizando opera\u00e7\u00f5es em Barrol\u00e2ndia atrav\u00e9s da aloca\u00e7\u00e3o de policiais e viaturas para refor\u00e7ar o efetivo daquela localidade. Tamb\u00e9m temos recebido apoio da CIPA-Porto Seguro e da CAEMA que vem constantemente visitando todo o munic\u00edpio no sentido de apoiar as opera\u00e7\u00f5es do efetivo local.&#8221;<\/em><\/strong><\/p>\n<p><a href=\"http:\/\/www.maisbn.com\/portal\/wp-content\/uploads\/2017\/10\/majorfranca00001.jpg\"><img loading=\"lazy\" decoding=\"async\" class=\"aligncenter  wp-image-16337\" src=\"http:\/\/www.maisbn.com\/portal\/wp-content\/uploads\/2017\/10\/majorfranca00001.jpg\" alt=\"majorfranca00001\" width=\"600\" height=\"385\" \/><\/a><\/p>\n<p>Por fim, o comandante do 8\u00ba Batalh\u00e3o abordou a a\u00e7\u00e3o preventiva que vem sendo realizada com os jovens nas escolas no sentido de afasta-los do uso de drogas e comentou que a cidade conta com dois oficiais comandantes e um efetivo dispon\u00edvel 24 horas para atender as demandas da cidade. <strong><em>&#8220;O Capit\u00e3o Uendel e o Tenente Lago est\u00e3o sempre atentos e prontos para atender os belmontenses, bem como, a nossa viatura e os nossos policiais que podem ser acionados a qualquer momento atrav\u00e9s de um telefone que j\u00e1 anda dentro da viatura para atender as emerg\u00eancias que surgirem.&#8221;<\/em> <\/strong>&#8211; Finalizou o Major agradecendo aos vereadores pelo espa\u00e7o concedido.<\/p>\n","protected":false},"excerpt":{"rendered":"<p>A C\u00e2mara de Vereadores de Belmonte recebeu na \u00faltima segunda-feira (02\/10) a ilustre visita do Major Anacleto Fran\u00e7a, comandante do 8\u00ba Batalh\u00e3o de Policia Militar de Porto Seguro ao qual o policiamento de Belmonte \u00e9 subordinado. O oficial veio \u00e0 sess\u00e3o do legislativo belmontense com o objetivo de apresentar \u00e0 comunidade os trabalhos da corpora\u00e7\u00e3o [&hellip;]<\/p>\n","protected":false},"author":7,"featured_media":16335,"comment_status":"open","ping_status":"open","sticky":false,"template":"","format":"standard","meta":{"footnotes":""},"categories":[45,1],"tags":[108],"class_list":["post-16334","post","type-post","status-publish","format-standard","has-post-thumbnail","hentry","category-cidades","category-noticias","tag-belmonte"],"_links":{"self":[{"href":"https:\/\/www.maisbn.com\/portal\/wp-json\/wp\/v2\/posts\/16334","targetHints":{"allow":["GET"]}}],"collection":[{"href":"https:\/\/www.maisbn.com\/portal\/wp-json\/wp\/v2\/posts"}],"about":[{"href":"https:\/\/www.maisbn.com\/portal\/wp-json\/wp\/v2\/types\/post"}],"author":[{"embeddable":true,"href":"https:\/\/www.maisbn.com\/portal\/wp-json\/wp\/v2\/users\/7"}],"replies":[{"embeddable":true,"href":"https:\/\/www.maisbn.com\/portal\/wp-json\/wp\/v2\/comments?post=16334"}],"version-history":[{"count":1,"href":"https:\/\/www.maisbn.com\/portal\/wp-json\/wp\/v2\/posts\/16334\/revisions"}],"predecessor-version":[{"id":16338,"href":"https:\/\/www.maisbn.com\/portal\/wp-json\/wp\/v2\/posts\/16334\/revisions\/16338"}],"wp:featuredmedia":[{"embeddable":true,"href":"https:\/\/www.maisbn.com\/portal\/wp-json\/wp\/v2\/media\/16335"}],"wp:attachment":[{"href":"https:\/\/www.maisbn.com\/portal\/wp-json\/wp\/v2\/media?parent=16334"}],"wp:term":[{"taxonomy":"category","embeddable":true,"href":"https:\/\/www.maisbn.com\/portal\/wp-json\/wp\/v2\/categories?post=16334"},{"taxonomy":"post_tag","embeddable":true,"href":"https:\/\/www.maisbn.com\/portal\/wp-json\/wp\/v2\/tags?post=16334"}],"curies":[{"name":"wp","href":"https:\/\/api.w.org\/{rel}","templated":true}]}}