{"id":16327,"date":"2017-10-03T22:54:34","date_gmt":"2017-10-04T01:54:34","guid":{"rendered":"http:\/\/www.maisbn.com\/portal\/?p=16327"},"modified":"2017-10-03T23:08:14","modified_gmt":"2017-10-04T02:08:14","slug":"belmonte-em-luto-pela-morte-do-professor-celsao-o-cruel","status":"publish","type":"post","link":"https:\/\/www.maisbn.com\/portal\/2017\/10\/belmonte-em-luto-pela-morte-do-professor-celsao-o-cruel\/","title":{"rendered":"Belmonte em luto pela morte do Professor Cels\u00e3o &#8220;O Cruel&#8221;."},"content":{"rendered":"<p><a href=\"http:\/\/www.maisbn.com\/portal\/wp-content\/uploads\/2017\/10\/22195926_10203835287038633_3278831391793677816_n.jpg\"><img loading=\"lazy\" decoding=\"async\" class=\"aligncenter wp-image-16328\" src=\"http:\/\/www.maisbn.com\/portal\/wp-content\/uploads\/2017\/10\/22195926_10203835287038633_3278831391793677816_n.jpg\" alt=\"22195926_10203835287038633_3278831391793677816_n\" width=\"600\" height=\"673\" \/><\/a><\/p>\n<p>A educa\u00e7\u00e3o belmontense perdeu um dos seus maiores \u00edcones no final da tarde dessa ter\u00e7a-feira (03\/10). Estamos falando do falecimento do Professor Celso Jorge Paternostro. Cels\u00e3o O Cruel, como ele se autodenominava, foi encontrado ca\u00eddo em sua resid\u00eancia j\u00e1 sem apresentar sinais vitais.<\/p>\n<p>Dono de uma forma \u00edmpar de ensinar, o Professor Celso lecionava matem\u00e1tica e tinha uma legi\u00e3o de admiradores. Cels\u00e3o passou por v\u00e1rias institui\u00e7\u00f5es de ensino belmontense e pelas aulas do considerado educador passaram milhares de jovens belmontenses que hoje lamentam a morte do professor que deixou o seu nome marcado na hist\u00f3ria educacional da cidade.<\/p>\n<p>O Professor Celso tinha 64 anos e ainda n\u00e3o \u00e9 conhecida a causa da morte. Os familiares informaram que o corpo ser\u00e1 velado na Igreja S\u00e3o Vicente. Ainda n\u00e3o foi divulgado o hor\u00e1rio do sepultamento. As aulas na rede municipal de ensino foram suspensas em respeito e luto.<\/p>\n","protected":false},"excerpt":{"rendered":"<p>A educa\u00e7\u00e3o belmontense perdeu um dos seus maiores \u00edcones no final da tarde dessa ter\u00e7a-feira (03\/10). Estamos falando do falecimento do Professor Celso Jorge Paternostro. Cels\u00e3o O Cruel, como ele se autodenominava, foi encontrado ca\u00eddo em sua resid\u00eancia j\u00e1 sem apresentar sinais vitais. Dono de uma forma \u00edmpar de ensinar, o Professor Celso lecionava matem\u00e1tica [&hellip;]<\/p>\n","protected":false},"author":7,"featured_media":16329,"comment_status":"open","ping_status":"open","sticky":false,"template":"","format":"standard","meta":{"footnotes":""},"categories":[45,1],"tags":[108],"class_list":["post-16327","post","type-post","status-publish","format-standard","has-post-thumbnail","hentry","category-cidades","category-noticias","tag-belmonte"],"_links":{"self":[{"href":"https:\/\/www.maisbn.com\/portal\/wp-json\/wp\/v2\/posts\/16327","targetHints":{"allow":["GET"]}}],"collection":[{"href":"https:\/\/www.maisbn.com\/portal\/wp-json\/wp\/v2\/posts"}],"about":[{"href":"https:\/\/www.maisbn.com\/portal\/wp-json\/wp\/v2\/types\/post"}],"author":[{"embeddable":true,"href":"https:\/\/www.maisbn.com\/portal\/wp-json\/wp\/v2\/users\/7"}],"replies":[{"embeddable":true,"href":"https:\/\/www.maisbn.com\/portal\/wp-json\/wp\/v2\/comments?post=16327"}],"version-history":[{"count":4,"href":"https:\/\/www.maisbn.com\/portal\/wp-json\/wp\/v2\/posts\/16327\/revisions"}],"predecessor-version":[{"id":16333,"href":"https:\/\/www.maisbn.com\/portal\/wp-json\/wp\/v2\/posts\/16327\/revisions\/16333"}],"wp:featuredmedia":[{"embeddable":true,"href":"https:\/\/www.maisbn.com\/portal\/wp-json\/wp\/v2\/media\/16329"}],"wp:attachment":[{"href":"https:\/\/www.maisbn.com\/portal\/wp-json\/wp\/v2\/media?parent=16327"}],"wp:term":[{"taxonomy":"category","embeddable":true,"href":"https:\/\/www.maisbn.com\/portal\/wp-json\/wp\/v2\/categories?post=16327"},{"taxonomy":"post_tag","embeddable":true,"href":"https:\/\/www.maisbn.com\/portal\/wp-json\/wp\/v2\/tags?post=16327"}],"curies":[{"name":"wp","href":"https:\/\/api.w.org\/{rel}","templated":true}]}}