{"id":16316,"date":"2017-09-27T19:49:58","date_gmt":"2017-09-27T22:49:58","guid":{"rendered":"http:\/\/www.maisbn.com\/portal\/?p=16316"},"modified":"2017-09-27T19:49:58","modified_gmt":"2017-09-27T22:49:58","slug":"estado-reconhece-condicao-de-emergencia-em-belmonte-apos-estragos-causados-pelo-mar","status":"publish","type":"post","link":"https:\/\/www.maisbn.com\/portal\/2017\/09\/estado-reconhece-condicao-de-emergencia-em-belmonte-apos-estragos-causados-pelo-mar\/","title":{"rendered":"Estado reconhece condi\u00e7\u00e3o de emerg\u00eancia em Belmonte ap\u00f3s estragos causados pelo mar."},"content":{"rendered":"<p><a href=\"http:\/\/www.maisbn.com\/portal\/wp-content\/uploads\/2017\/08\/avanco_mar00001.jpg\"><img loading=\"lazy\" decoding=\"async\" class=\"aligncenter  wp-image-16036\" src=\"http:\/\/www.maisbn.com\/portal\/wp-content\/uploads\/2017\/08\/avanco_mar00001.jpg\" alt=\"avanco_mar00001\" width=\"600\" height=\"385\" \/><\/a><\/p>\n<p>Um decreto publicado nesta quarta-feira (27) reconhece a situa\u00e7\u00e3o de emerg\u00eancia em Belmonte.. A lei, homologada\u00a0pelo Estado, leva em conta os danos causados pelo avan\u00e7o do mar. A for\u00e7a das \u00e1guas j\u00e1 destruiu uma rua pr\u00f3xima \u00e0 praia, derrubou postes, destruiu barracas e entulhou areia na pra\u00e7a onde est\u00e1 instalada o Guaiamum Gigante, s\u00edmbolo da cidade.<\/p>\n<p>O turismo, que j\u00e1 era pouco, tamb\u00e9m foi prejudicado com o abandono de casas e cabanas. Comerciantes locais estimam que o movimento caiu cerca de 80% na orla da cidade. Ainda segundo o decreto, a condi\u00e7\u00e3o de emerg\u00eancia vale por 180 dias, contando desde 13 de setembro quando a determina\u00e7\u00e3o foi assinada no \u00e2mbito do Munic\u00edpio pelo prefeito Janival Andrade.<\/p>\n<p>Com o reconhecimento o Prefeito Janival Borges espera receber verbas do estado e do Governo Federal para efetuar obras para conter a eros\u00e3o marinha e recuperar a orla destru\u00edda pelas fortes ondas que castigaram a Praia do Mar Moreno.<\/p>\n","protected":false},"excerpt":{"rendered":"<p>Um decreto publicado nesta quarta-feira (27) reconhece a situa\u00e7\u00e3o de emerg\u00eancia em Belmonte.. A lei, homologada\u00a0pelo Estado, leva em conta os danos causados pelo avan\u00e7o do mar. A for\u00e7a das \u00e1guas j\u00e1 destruiu uma rua pr\u00f3xima \u00e0 praia, derrubou postes, destruiu barracas e entulhou areia na pra\u00e7a onde est\u00e1 instalada o Guaiamum Gigante, s\u00edmbolo da [&hellip;]<\/p>\n","protected":false},"author":7,"featured_media":16036,"comment_status":"open","ping_status":"open","sticky":false,"template":"","format":"standard","meta":{"footnotes":""},"categories":[45,1],"tags":[108],"class_list":["post-16316","post","type-post","status-publish","format-standard","has-post-thumbnail","hentry","category-cidades","category-noticias","tag-belmonte"],"_links":{"self":[{"href":"https:\/\/www.maisbn.com\/portal\/wp-json\/wp\/v2\/posts\/16316","targetHints":{"allow":["GET"]}}],"collection":[{"href":"https:\/\/www.maisbn.com\/portal\/wp-json\/wp\/v2\/posts"}],"about":[{"href":"https:\/\/www.maisbn.com\/portal\/wp-json\/wp\/v2\/types\/post"}],"author":[{"embeddable":true,"href":"https:\/\/www.maisbn.com\/portal\/wp-json\/wp\/v2\/users\/7"}],"replies":[{"embeddable":true,"href":"https:\/\/www.maisbn.com\/portal\/wp-json\/wp\/v2\/comments?post=16316"}],"version-history":[{"count":1,"href":"https:\/\/www.maisbn.com\/portal\/wp-json\/wp\/v2\/posts\/16316\/revisions"}],"predecessor-version":[{"id":16317,"href":"https:\/\/www.maisbn.com\/portal\/wp-json\/wp\/v2\/posts\/16316\/revisions\/16317"}],"wp:featuredmedia":[{"embeddable":true,"href":"https:\/\/www.maisbn.com\/portal\/wp-json\/wp\/v2\/media\/16036"}],"wp:attachment":[{"href":"https:\/\/www.maisbn.com\/portal\/wp-json\/wp\/v2\/media?parent=16316"}],"wp:term":[{"taxonomy":"category","embeddable":true,"href":"https:\/\/www.maisbn.com\/portal\/wp-json\/wp\/v2\/categories?post=16316"},{"taxonomy":"post_tag","embeddable":true,"href":"https:\/\/www.maisbn.com\/portal\/wp-json\/wp\/v2\/tags?post=16316"}],"curies":[{"name":"wp","href":"https:\/\/api.w.org\/{rel}","templated":true}]}}