{"id":16296,"date":"2017-09-24T06:45:02","date_gmt":"2017-09-24T09:45:02","guid":{"rendered":"http:\/\/www.maisbn.com\/portal\/?p=16296"},"modified":"2017-09-24T09:04:31","modified_gmt":"2017-09-24T12:04:31","slug":"prefeito-janival-borges-avisa-que-fara-cortes-na-folha-de-funcionarios-por-causa-da-crise","status":"publish","type":"post","link":"https:\/\/www.maisbn.com\/portal\/2017\/09\/prefeito-janival-borges-avisa-que-fara-cortes-na-folha-de-funcionarios-por-causa-da-crise\/","title":{"rendered":"Prefeito Janival Borges avisa que far\u00e1 cortes na folha de funcion\u00e1rios por causa da crise."},"content":{"rendered":"<p><a href=\"http:\/\/www.maisbn.com\/portal\/wp-content\/uploads\/2017\/09\/cortedegasto00001.jpg\"><img loading=\"lazy\" decoding=\"async\" class=\"aligncenter wp-image-16297\" src=\"http:\/\/www.maisbn.com\/portal\/wp-content\/uploads\/2017\/09\/cortedegasto00001.jpg\" alt=\"cortedegasto00001\" width=\"600\" height=\"385\" \/><\/a><\/p>\n<p>O Prefeito Janival Borges realizou uma reuni\u00e3o na sede da C\u00e2mara de Vereadores de Belmonte nessa sexta-feira (22\/09) para discutir a queda de receita do munic\u00edpio devido \u00e0 crise que continua assolando as Prefeituras de todo o pa\u00eds. O gestor belmontense usou como base um an\u00fancio feito pelo Governo Federal de que a queda de repasses para os munic\u00edpios poder\u00e1 chegar a 40%. Janival comentou que ter\u00e1 que se ajustar \u00e0 realidade dif\u00edcil\u00a0 e para se adequar a Lei de Responsabilidade Fiscal ter\u00e1 que recorrer \u00e0 uma severa conten\u00e7\u00e3o de despesas e cortes de funcion\u00e1rios p\u00fablicos. O mandat\u00e1rio belmontense ainda colocou parte da culpa do arrocho na gest\u00e3o anterior onde, segundo ele, fechou-se um or\u00e7amento totalmente inadequado. Janival comentou que, por causa disso, vinha fazendo milagres para administrar Belmonte e citou como exemplo os 16% previstos para gastos mensais na sa\u00fade em 2017 que tiveram que ser aumentados para 25% devido \u00e0 situa\u00e7\u00e3o de calamidade encontrada por sua gest\u00e3o.<\/p>\n<p><iframe loading=\"lazy\" src=\"https:\/\/www.youtube.com\/embed\/lgm5wAUx2LY\" width=\"560\" height=\"315\" frameborder=\"0\" allowfullscreen=\"allowfullscreen\"><\/iframe><\/p>\n<p>Como j\u00e1 citado em reportagem do +BN, o munic\u00edpio de Belmonte gasta 70% da sua arrecada\u00e7\u00e3o com a folha de funcion\u00e1rios, quando o limite imposto pela Lei de Responsabilidade Fiscal \u00e9 de 54%. Belmonte hoje tem uma arrecada\u00e7\u00e3o m\u00e9dia de R$ 4,4 Milh\u00f5es de Reais e consome R$ 3,2 Milh\u00f5es s\u00f3 com funcion\u00e1rios. O Prefeito Janival Borges disse que para solucionar esse problema adotar\u00e1 estudos criteriosos para que os servi\u00e7os p\u00fablicos n\u00e3o parem e j\u00e1 avisou que far\u00e1 cortes nos sal\u00e1rios de Prefeito e Secret\u00e1rios para se adequar \u00e0 nova realidade. <strong><em> \u201cCom uma receita atual igual \u00e0 v\u00e1rios anos, somado aos reajustes do sal\u00e1rio m\u00ednimo + reajuste dos professores e queda da arrecada\u00e7\u00e3o, as medidas ser\u00e3o duras mais necess\u00e1rias, cortaremos os sal\u00e1rios de prefeito vice-prefeito, secret\u00e1rios, al\u00e9m de demiss\u00f5es\u201d,<\/em><\/strong> destacou o prefeito Janival.<\/p>\n<p><a href=\"http:\/\/www.maisbn.com\/portal\/wp-content\/uploads\/2017\/09\/cortedegasto00002.jpg\"><img loading=\"lazy\" decoding=\"async\" class=\"aligncenter wp-image-16298\" src=\"http:\/\/www.maisbn.com\/portal\/wp-content\/uploads\/2017\/09\/cortedegasto00002.jpg\" alt=\"cortedegasto00002\" width=\"600\" height=\"385\" \/><\/a><\/p>\n<p>O Secret\u00e1rio de Finan\u00e7as Alexandre Rapold Haerter esclareceu, <strong><em>&#8220;A queda de receita \u00e9 explicita n\u00e3o somente em Belmonte, v\u00e1rios munic\u00edpios est\u00e3o cortando gastos para se adequar, em nossa cidade n\u00e3o ser\u00e1 diferente. Tivemos que iniciar a gest\u00e3o de forma muito acelerada em decorr\u00eancia da situa\u00e7\u00e3o de sucateamento do munic\u00edpio, e com a queda de arrecada\u00e7\u00e3o temos de puxar o freio de m\u00e3o&#8221;<\/em><\/strong>, Alexandre ainda colocou que os gastos com educa\u00e7\u00e3o representam 45% da folha de pagamento do munic\u00edpio e a recupera\u00e7\u00e3o de 41 pr\u00e9dios escolares, frota de ve\u00edculos e m\u00e1quinas, todos sucateados elevaram ainda mais o \u00edndice.<\/p>\n<p><span style=\"color: #ff0000;\"><em>Fotos: Gutemberg Stolze &#8211; Imprensananet.com<\/em><\/span><\/p>\n","protected":false},"excerpt":{"rendered":"<p>O Prefeito Janival Borges realizou uma reuni\u00e3o na sede da C\u00e2mara de Vereadores de Belmonte nessa sexta-feira (22\/09) para discutir a queda de receita do munic\u00edpio devido \u00e0 crise que continua assolando as Prefeituras de todo o pa\u00eds. O gestor belmontense usou como base um an\u00fancio feito pelo Governo Federal de que a queda de [&hellip;]<\/p>\n","protected":false},"author":7,"featured_media":16299,"comment_status":"open","ping_status":"open","sticky":false,"template":"","format":"standard","meta":{"footnotes":""},"categories":[45,1],"tags":[108],"class_list":["post-16296","post","type-post","status-publish","format-standard","has-post-thumbnail","hentry","category-cidades","category-noticias","tag-belmonte"],"_links":{"self":[{"href":"https:\/\/www.maisbn.com\/portal\/wp-json\/wp\/v2\/posts\/16296","targetHints":{"allow":["GET"]}}],"collection":[{"href":"https:\/\/www.maisbn.com\/portal\/wp-json\/wp\/v2\/posts"}],"about":[{"href":"https:\/\/www.maisbn.com\/portal\/wp-json\/wp\/v2\/types\/post"}],"author":[{"embeddable":true,"href":"https:\/\/www.maisbn.com\/portal\/wp-json\/wp\/v2\/users\/7"}],"replies":[{"embeddable":true,"href":"https:\/\/www.maisbn.com\/portal\/wp-json\/wp\/v2\/comments?post=16296"}],"version-history":[{"count":2,"href":"https:\/\/www.maisbn.com\/portal\/wp-json\/wp\/v2\/posts\/16296\/revisions"}],"predecessor-version":[{"id":16302,"href":"https:\/\/www.maisbn.com\/portal\/wp-json\/wp\/v2\/posts\/16296\/revisions\/16302"}],"wp:featuredmedia":[{"embeddable":true,"href":"https:\/\/www.maisbn.com\/portal\/wp-json\/wp\/v2\/media\/16299"}],"wp:attachment":[{"href":"https:\/\/www.maisbn.com\/portal\/wp-json\/wp\/v2\/media?parent=16296"}],"wp:term":[{"taxonomy":"category","embeddable":true,"href":"https:\/\/www.maisbn.com\/portal\/wp-json\/wp\/v2\/categories?post=16296"},{"taxonomy":"post_tag","embeddable":true,"href":"https:\/\/www.maisbn.com\/portal\/wp-json\/wp\/v2\/tags?post=16296"}],"curies":[{"name":"wp","href":"https:\/\/api.w.org\/{rel}","templated":true}]}}