{"id":16277,"date":"2017-09-20T18:48:15","date_gmt":"2017-09-20T21:48:15","guid":{"rendered":"http:\/\/www.maisbn.com\/portal\/?p=16277"},"modified":"2017-09-20T18:48:15","modified_gmt":"2017-09-20T21:48:15","slug":"noticia-de-fechamento-da-zona-eleitoral-de-belmonte-e-totalmente-falsa","status":"publish","type":"post","link":"https:\/\/www.maisbn.com\/portal\/2017\/09\/noticia-de-fechamento-da-zona-eleitoral-de-belmonte-e-totalmente-falsa\/","title":{"rendered":"Not\u00edcia de fechamento da Zona Eleitoral de Belmonte \u00e9 totalmente falsa."},"content":{"rendered":"<p>Na manh\u00e3 dessa quarta-feira (20\/09) estivemos no F\u00f3rum Luiz Viana Filho, no Cart\u00f3rio Eleitoral, para acompanhar e saber informa\u00e7\u00f5es sobre a transi\u00e7\u00e3o da Justi\u00e7a Eleitoral de Belmonte que, segundo noticias da imprensa regional, estava sendo extinta e anexada \u00e0 Justi\u00e7a Eleitoral do munic\u00edpio de Santa Cruz Cabr\u00e1lia, seguindo a determina\u00e7\u00e3o do Tribunal Superior Eleitoral.<\/p>\n<p><a href=\"http:\/\/www.maisbn.com\/portal\/wp-content\/uploads\/2016\/08\/Forum_Belmonte.jpg\"><img loading=\"lazy\" decoding=\"async\" class=\"aligncenter wp-image-12104\" src=\"http:\/\/www.maisbn.com\/portal\/wp-content\/uploads\/2016\/08\/Forum_Belmonte.jpg\" alt=\"Forum_Belmonte\" width=\"600\" height=\"395\" \/><\/a><\/p>\n<p>Para a surpresa de nossa equipe, o Cart\u00f3rio Eleitoral de Belmonte informou que tal situa\u00e7\u00e3o nunca existiu e que Belmonte nunca esteve em nenhuma lista de fechamento de Zonas Eleitorais. Os funcion\u00e1rios comentaram que estaria havendo um equ\u00edvoco muito grande e que v\u00e1rias pessoas da comunidade j\u00e1 estiveram no local para conseguir informa\u00e7\u00f5es sobre o fato. A Sr\u00aa Alessandra, uma das servidoras da Justi\u00e7a Eleitoral de Belmonte, informou que apenas 04 zonas eleitorais baianas deixar\u00e3o de existir. <strong><em>&#8220;Desconhecemos a informa\u00e7\u00e3o de que a Zona Eleitoral de Belmonte estar\u00e1 sendo extinta. O que temos de oficial \u00e9 que apenas as zonas eleitorais dos munic\u00edpios de Maragogipe, C\u00e2ndido Sales, uma do munic\u00edpio de Alagoinhas e outra do Munic\u00edpio de Lauro de Freitas ter\u00e3o suas atividades encerradas&#8221;. <\/em><\/strong>&#8211; Comentou a servidora.<\/p>\n<p><a href=\"http:\/\/www.maisbn.com\/portal\/wp-content\/uploads\/2017\/09\/eleitoral_zzf05e203770.jpg\"><img loading=\"lazy\" decoding=\"async\" class=\"aligncenter  wp-image-16245\" src=\"http:\/\/www.maisbn.com\/portal\/wp-content\/uploads\/2017\/09\/eleitoral_zzf05e203770.jpg\" alt=\"eleitoral_zzf05e203770\" width=\"600\" height=\"341\" \/><\/a><\/p>\n<p>O boato de fechamento da Zona Eleitoral repercutiu tanto que levou o Deputado Estadual J\u00e2nio Natal a marcar uma reuni\u00e3o com o Desembargador Jos\u00e9 Edivaldo Rocha Rotondano, Presidente do Tribunal Regional Eleitoral (TRE). Uma nota da assessoria do parlamentar enviada a todos os sites da regi\u00e3o tratava da <strong>&#8220;not\u00edcia&#8221;<\/strong>\u00a0 e informava que J\u00e2nio conseguiu o compromisso do Desembargador de lutar pela perman\u00eancia do Cart\u00f3rio Eleitoral da cidade. A nota ainda informa que o Presidente do TRE prometeu o in\u00edcio do processo de cadastramento biom\u00e9trico dos eleitores de Belmonte logo ap\u00f3s as elei\u00e7\u00f5es de 2018.<\/p>\n<p><strong>Cadastro Biom\u00e9trico<\/strong><\/p>\n<p>Existindo o fato ou n\u00e3o, o Cart\u00f3rio Eleitoral de Belmonte continua funcionando normalmente e j\u00e1 iniciou o cadastramento biom\u00e9trico dos eleitores belmontenses. Para efetuar os registros de biometria o eleitor deve procurar o setor da Justi\u00e7a Eleitoral localizado no F\u00f3rum Luiz Viana Filho munido de documento de identifica\u00e7\u00e3o com foto e comprovante de resid\u00eancia em seu nome ou em nome de seus pais emitido nos \u00faltimos tr\u00eas meses, onde seja poss\u00edvel constatar seu v\u00ednculo com o munic\u00edpio de Belmonte. Para o primeiro t\u00edtulo, no caso de eleitor do sexo masculino, al\u00e9m do documento de identidade com foto e o comprovante de resid\u00eancia, dever\u00e1 apresentar o comprovante de quita\u00e7\u00e3o militar.<\/p>\n","protected":false},"excerpt":{"rendered":"<p>Na manh\u00e3 dessa quarta-feira (20\/09) estivemos no F\u00f3rum Luiz Viana Filho, no Cart\u00f3rio Eleitoral, para acompanhar e saber informa\u00e7\u00f5es sobre a transi\u00e7\u00e3o da Justi\u00e7a Eleitoral de Belmonte que, segundo noticias da imprensa regional, estava sendo extinta e anexada \u00e0 Justi\u00e7a Eleitoral do munic\u00edpio de Santa Cruz Cabr\u00e1lia, seguindo a determina\u00e7\u00e3o do Tribunal Superior Eleitoral. Para [&hellip;]<\/p>\n","protected":false},"author":7,"featured_media":12104,"comment_status":"open","ping_status":"open","sticky":false,"template":"","format":"standard","meta":{"footnotes":""},"categories":[20,1],"tags":[108],"class_list":["post-16277","post","type-post","status-publish","format-standard","has-post-thumbnail","hentry","category-bahia","category-noticias","tag-belmonte"],"_links":{"self":[{"href":"https:\/\/www.maisbn.com\/portal\/wp-json\/wp\/v2\/posts\/16277","targetHints":{"allow":["GET"]}}],"collection":[{"href":"https:\/\/www.maisbn.com\/portal\/wp-json\/wp\/v2\/posts"}],"about":[{"href":"https:\/\/www.maisbn.com\/portal\/wp-json\/wp\/v2\/types\/post"}],"author":[{"embeddable":true,"href":"https:\/\/www.maisbn.com\/portal\/wp-json\/wp\/v2\/users\/7"}],"replies":[{"embeddable":true,"href":"https:\/\/www.maisbn.com\/portal\/wp-json\/wp\/v2\/comments?post=16277"}],"version-history":[{"count":3,"href":"https:\/\/www.maisbn.com\/portal\/wp-json\/wp\/v2\/posts\/16277\/revisions"}],"predecessor-version":[{"id":16280,"href":"https:\/\/www.maisbn.com\/portal\/wp-json\/wp\/v2\/posts\/16277\/revisions\/16280"}],"wp:featuredmedia":[{"embeddable":true,"href":"https:\/\/www.maisbn.com\/portal\/wp-json\/wp\/v2\/media\/12104"}],"wp:attachment":[{"href":"https:\/\/www.maisbn.com\/portal\/wp-json\/wp\/v2\/media?parent=16277"}],"wp:term":[{"taxonomy":"category","embeddable":true,"href":"https:\/\/www.maisbn.com\/portal\/wp-json\/wp\/v2\/categories?post=16277"},{"taxonomy":"post_tag","embeddable":true,"href":"https:\/\/www.maisbn.com\/portal\/wp-json\/wp\/v2\/tags?post=16277"}],"curies":[{"name":"wp","href":"https:\/\/api.w.org\/{rel}","templated":true}]}}