{"id":16268,"date":"2017-09-19T22:53:08","date_gmt":"2017-09-20T01:53:08","guid":{"rendered":"http:\/\/www.maisbn.com\/portal\/?p=16268"},"modified":"2017-09-19T22:53:08","modified_gmt":"2017-09-20T01:53:08","slug":"belmonte-sediara-encontro-diocesano-de-jovens-da-renovacao-carismatica-catolica","status":"publish","type":"post","link":"https:\/\/www.maisbn.com\/portal\/2017\/09\/belmonte-sediara-encontro-diocesano-de-jovens-da-renovacao-carismatica-catolica\/","title":{"rendered":"Belmonte sediar\u00e1 Encontro Diocesano de Jovens da Renova\u00e7\u00e3o Carism\u00e1tica Cat\u00f3lica."},"content":{"rendered":"<p><a href=\"http:\/\/www.maisbn.com\/portal\/wp-content\/uploads\/2017\/09\/aplanai01jpg.jpg\"><img loading=\"lazy\" decoding=\"async\" class=\"aligncenter  wp-image-16269\" src=\"http:\/\/www.maisbn.com\/portal\/wp-content\/uploads\/2017\/09\/aplanai01jpg.jpg\" alt=\"aplanai01jpg\" width=\"600\" height=\"226\" \/><\/a><\/p>\n<p>O Minist\u00e9rio Jovem (MJ) da Renova\u00e7\u00e3o Carism\u00e1tica Cat\u00f3lica (RCC) da Diocese de Eun\u00e1polis &#8211; BA realiza dias 29, 30 de Setembro e 01 de Outubro o Aplanai de Ouro. Ser\u00e1 na Funda\u00e7\u00e3o Educacional Pedro Calmon na Cidade de Belmonte \u2013 BA. O Aplanai nasceu do cora\u00e7\u00e3o de Deus para juventude desta diocese com dois pilares: Adora\u00e7\u00e3o e Miss\u00e3o. \u00c9 formar uma juventude Santa, Adoradora e Mission\u00e1ria \u00e0 partir da experi\u00eancia do Batismo no Esp\u00edrito Santo, aos moldes de Jo\u00e3o Batista, preparada para anunciar a verdade e denunciar as injusti\u00e7as.<\/p>\n<p><a href=\"http:\/\/www.maisbn.com\/portal\/wp-content\/uploads\/2017\/09\/aplanai03.jpg\"><img loading=\"lazy\" decoding=\"async\" class=\"aligncenter  wp-image-16270\" src=\"http:\/\/www.maisbn.com\/portal\/wp-content\/uploads\/2017\/09\/aplanai03.jpg\" alt=\"aplanai03\" width=\"601\" height=\"308\" \/><\/a><\/p>\n<p>Nesta 7\u00ba edi\u00e7\u00e3o contar\u00e1 com as presen\u00e7as de Daniele Almeida (Coordenadora Nacional do MJ), Glauber Fa\u00e7anha (Coordenador Estadual do MJ) e Dami\u00e3o Dias (Coordenador Diocesano do MJ), al\u00e9m de Sacerdotes e de todo Conselho Diocesano da RCC. Para o tradicional arrast\u00e3o com trio el\u00e9trico pelas ruas da cidade, a Banda Miss\u00e3o Canto Novo. E no show de ouro, Forr\u00f3 Sant\u00edssima Trindade (ambas Diocese de Eun\u00e1polis). O Minist\u00e9rio de M\u00fasica e Artes diocesano vem preparando can\u00e7\u00f5es e express\u00f5es de artes que ir\u00e3o alegrar e emocionar toda juventude durante os dias do encontro.<\/p>\n<p><a href=\"http:\/\/www.maisbn.com\/portal\/wp-content\/uploads\/2017\/09\/IMG-20170819-WA0045.jpg\"><img loading=\"lazy\" decoding=\"async\" class=\"aligncenter size-full wp-image-16272\" src=\"http:\/\/www.maisbn.com\/portal\/wp-content\/uploads\/2017\/09\/IMG-20170819-WA0045.jpg\" alt=\"IMG-20170819-WA0045\" width=\"700\" height=\"311\" \/><\/a><\/p>\n<p>O valor da Inscri\u00e7\u00e3o \u00e9 de R$ 35,00 que d\u00e1 direito a uma linda camisa. O almo\u00e7o custa R$ 15,00 (por dia) contar\u00e1 com lanchonete. O Minist\u00e9rio das Universidades Renovadas (MUR) estar\u00e1 com uma barraca de doces e todo dinheiro arrecado ser\u00e1 voltado a ida dos membros e servos ao ENUR (Encontro Nacional das Universidades Renovadas).<\/p>\n<p><a href=\"http:\/\/www.maisbn.com\/portal\/wp-content\/uploads\/2017\/09\/aplanai02.jpg\"><img loading=\"lazy\" decoding=\"async\" class=\"aligncenter  wp-image-16271\" src=\"http:\/\/www.maisbn.com\/portal\/wp-content\/uploads\/2017\/09\/aplanai02.jpg\" alt=\"aplanai02\" width=\"600\" height=\"286\" \/><\/a><\/p>\n<p>A Inscri\u00e7\u00e3o deve ser feita pelo Link:<\/p>\n<p><a href=\"https:\/\/goo.gl\/forms\/JR8t2Ng8SRPQz14d2\">https:\/\/goo.gl\/forms\/JR8t2Ng8SRPQz14d2<\/a><\/p>\n<p>O pagamento via Dep\u00f3sito\/Transfer\u00eancia:<\/p>\n<p>Caixa Econ\u00f4mica Federal<br \/>\nAG 3948 OP 013 C\/P 79811-2<\/p>\n<p>MOV ECLESIAL DA REN CARIS CAT EU<\/p>\n<p>Ap\u00f3s Pagamento, deve ser encaminhado um e-mail com o comprovante de dep\u00f3sito: <a href=\"mailto:mcsrcceunapolis@gmail.com\">mcsrcceunapolis@gmail.com. <\/a>Toda programa\u00e7\u00e3o e demais informa\u00e7\u00f5es estar\u00e3o dispon\u00edveis na P\u00e1gina Oficial da RCC Diocese de Eun\u00e1polis no Facebook: facebook.com\/rcceunapolis<\/p>\n<p>&nbsp;<\/p>\n<p><em>Catielle Ferreira<\/em><\/p>\n<p><em>Coordenadora Diocesana<\/em><\/p>\n<p><em>Minist\u00e9rio de Comunica\u00e7\u00e3o Social\u00a0&#8211; RCC Diocese de Eun\u00e1polis<br \/>\n<\/em><a href=\"mailto:mcsrcceunapolis@gmail.com\"><em>mcsrcceunapolis@gmail.com<\/em><\/a><\/p>\n","protected":false},"excerpt":{"rendered":"<p>O Minist\u00e9rio Jovem (MJ) da Renova\u00e7\u00e3o Carism\u00e1tica Cat\u00f3lica (RCC) da Diocese de Eun\u00e1polis &#8211; BA realiza dias 29, 30 de Setembro e 01 de Outubro o Aplanai de Ouro. Ser\u00e1 na Funda\u00e7\u00e3o Educacional Pedro Calmon na Cidade de Belmonte \u2013 BA. O Aplanai nasceu do cora\u00e7\u00e3o de Deus para juventude desta diocese com dois pilares: [&hellip;]<\/p>\n","protected":false},"author":7,"featured_media":16269,"comment_status":"open","ping_status":"open","sticky":false,"template":"","format":"standard","meta":{"footnotes":""},"categories":[1,98],"tags":[108],"class_list":["post-16268","post","type-post","status-publish","format-standard","has-post-thumbnail","hentry","category-noticias","category-religiao","tag-belmonte"],"_links":{"self":[{"href":"https:\/\/www.maisbn.com\/portal\/wp-json\/wp\/v2\/posts\/16268","targetHints":{"allow":["GET"]}}],"collection":[{"href":"https:\/\/www.maisbn.com\/portal\/wp-json\/wp\/v2\/posts"}],"about":[{"href":"https:\/\/www.maisbn.com\/portal\/wp-json\/wp\/v2\/types\/post"}],"author":[{"embeddable":true,"href":"https:\/\/www.maisbn.com\/portal\/wp-json\/wp\/v2\/users\/7"}],"replies":[{"embeddable":true,"href":"https:\/\/www.maisbn.com\/portal\/wp-json\/wp\/v2\/comments?post=16268"}],"version-history":[{"count":1,"href":"https:\/\/www.maisbn.com\/portal\/wp-json\/wp\/v2\/posts\/16268\/revisions"}],"predecessor-version":[{"id":16273,"href":"https:\/\/www.maisbn.com\/portal\/wp-json\/wp\/v2\/posts\/16268\/revisions\/16273"}],"wp:featuredmedia":[{"embeddable":true,"href":"https:\/\/www.maisbn.com\/portal\/wp-json\/wp\/v2\/media\/16269"}],"wp:attachment":[{"href":"https:\/\/www.maisbn.com\/portal\/wp-json\/wp\/v2\/media?parent=16268"}],"wp:term":[{"taxonomy":"category","embeddable":true,"href":"https:\/\/www.maisbn.com\/portal\/wp-json\/wp\/v2\/categories?post=16268"},{"taxonomy":"post_tag","embeddable":true,"href":"https:\/\/www.maisbn.com\/portal\/wp-json\/wp\/v2\/tags?post=16268"}],"curies":[{"name":"wp","href":"https:\/\/api.w.org\/{rel}","templated":true}]}}